{"id":38836,"date":"2025-06-23T07:13:58","date_gmt":"2025-06-23T05:13:58","guid":{"rendered":"https:\/\/www.lintelligentdabidjan.info\/news\/?p=38836"},"modified":"2025-06-23T07:14:17","modified_gmt":"2025-06-23T05:14:17","slug":"celebration-de-lexcellence-une-ecole-celebre-ses-meilleurs-eleves","status":"publish","type":"post","link":"https:\/\/www.lintelligentdabidjan.info\/news\/celebration-de-lexcellence-une-ecole-celebre-ses-meilleurs-eleves\/","title":{"rendered":"C\u00e9l\u00e9bration de l\u2019excellence- Une \u00e9cole  c\u00e9l\u00e8bre   ses meilleurs \u00e9l\u00e8ves"},"content":{"rendered":"<p><em><strong>Une \u00e9cole sup\u00e9rieure  a organis\u00e9, le samedi 21 juin 2025, sa c\u00e9r\u00e9monie de graduation en l\u2019honneur de ses \u00e9l\u00e8ves les plus m\u00e9ritants. L\u2019\u00e9v\u00e9nement s\u2019est tenu dans \u00e0 Sofitel H\u00f4tel Ivoire \u00e0 Abidjan-Cocody.<\/strong><\/em><\/p>\n<p>\u00c0 cette occasion, Mme Nganga Charabelle, directrice d\u00e9l\u00e9gu\u00e9e de cette ecole , a exprim\u00e9 son admiration et sa fiert\u00e9 envers les dipl\u00f4m\u00e9s. \u00ab C\u2019est avec une grande fiert\u00e9 que je m\u2019adresse \u00e0 vous aujourd\u2019hui.<br \/>\nEn tant que nouvelle directrice d\u00e9l\u00e9gu\u00e9e de l\u2019IFG Afrique, en fonction depuis janvier 2025, je suis heureuse de vous voir franchir cette \u00e9tape. Nous voulons c\u00e9l\u00e9brer votre d\u00e9termination, votre engagement, votre pers\u00e9v\u00e9rance et bien s\u00fbr votre r\u00e9ussite. Au nom du groupe Omnes Education, auquel nous appartenons, ainsi que de toute l\u2019\u00e9quipe IFG Afrique, recevez nos sinc\u00e8res f\u00e9licitations. \u00bb<br \/>\nElle a soulign\u00e9 l\u2019importance du r\u00f4le que ces dipl\u00f4m\u00e9s sont appel\u00e9s \u00e0 jouer. \u00ab Vous incarnez le visage d\u2019une Afrique ambitieuse, audacieuse et en mouvement. Cette c\u00e9r\u00e9monie marque un nouveau d\u00e9part dans vos vies. En tant que dipl\u00f4m\u00e9s, vous devenez des acteurs du changement, porteurs de responsabilit\u00e9, celle de contribuer \u00e0 une Afrique plus forte, plus inclusive et surtout plus performante. \u00bb<br \/>\nMme Nganga a \u00e9galement profit\u00e9 de cette tribune pour annoncer une grande nouveaut\u00e9 dans le paysage \u00e9ducatif ivoirien.<\/p>\n<p>\u00ab Je suis heureuse de vous informer que le groupe Omnes souhaite renforcer son implantation \u00e0 Abidjan avec l\u2019arriv\u00e9e, d\u00e8s la rentr\u00e9e de septembre 2025, de la marque ECE, \u00e9cole d\u2019ing\u00e9nieurs sp\u00e9cialis\u00e9e dans l\u2019intelligence artificielle, la data et l\u2019ing\u00e9nierie num\u00e9rique. Pour la premi\u00e8re fois, nous proposerons une offre de formation initiale en Afrique, de Bac \u00e0 Bac+5, destin\u00e9e notamment \u00e0 vos enfants, vos proches ou vos collaborateurs. Cette initiative vient enrichir notre \u00e9cosyst\u00e8me de formation. \u00bb Elle a traduit sa gratitude aux partenaires pour leur soutien constant : \u00ab Chers dipl\u00f4m\u00e9s, vous rejoignez aujourd\u2019hui une communaut\u00e9 de plus de 3 000 alumni r\u00e9partis dans 17 pays du continent, unis par des valeurs fortes : l\u2019effort, l\u2019audace, le respect et le partage. Merci pour votre confiance et pour nous avoir permis de vous accompagner dans cette \u00e9tape d\u00e9cisive de votre parcours professionnel et personnel. Merci \u00e9galement \u00e0 nos partenaires pour leur fid\u00e9lit\u00e9 et leur soutien. \u00bb<br \/>\nParmi les dipl\u00f4m\u00e9s, Mme Togba Rode Prisca, chef du d\u00e9partement contr\u00f4le de gestion d\u2019une industrie de la place  et major de sa promotion, a livr\u00e9 un t\u00e9moignage \u00e9mouvant :<br \/>\n\u00ab C\u2019est une immense fiert\u00e9 pour moi d\u2019avoir \u00e9t\u00e9 d\u00e9sign\u00e9e major, malgr\u00e9 les nombreuses difficult\u00e9s rencontr\u00e9es. Cela prouve que la femme a toute sa place dans la soci\u00e9t\u00e9 et peut assumer des responsabilit\u00e9s \u00e9lev\u00e9es avec brio. En tant que femme, \u00e9pouse, m\u00e8re et professionnelle, j\u2019ai su conjuguer toutes ces facettes et r\u00e9ussir cette formation. Je dis aux femmes et aux jeunes filles : croyez-en vous, ne vous sous-estimez jamais. Ayez des d\u00e9fis personnels et travaillez dur pour les atteindre. J\u2019ai voulu abandonner, non pas parce que je suis une femme, mais en raison de mes obligations professionnelles. Heureusement, j\u2019ai pers\u00e9v\u00e9r\u00e9, et aujourd\u2019hui, je savoure le fruit de mes efforts. \u00bb, s\u2019est-elle r\u00e9jouie<\/p>\n<p><strong>Olivier Dion avec G\u00e9rard Batoua<\/strong><\/p>\n","protected":false},"excerpt":{"rendered":"<p>Une \u00e9cole sup\u00e9rieure a organis\u00e9, le samedi 21 juin 2025, sa c\u00e9r\u00e9monie de graduation en l\u2019honneur de ses \u00e9l\u00e8ves les plus m\u00e9ritants. L\u2019\u00e9v\u00e9nement s\u2019est tenu dans \u00e0 Sofitel H\u00f4tel Ivoire \u00e0 Abidjan-Cocody. \u00c0 cette occasion, Mme Nganga Charabelle, directrice d\u00e9l\u00e9gu\u00e9e de cette ecole , a exprim\u00e9 son admiration et sa fiert\u00e9 envers les dipl\u00f4m\u00e9s. \u00ab [&hellip;]<\/p>\n","protected":false},"author":4,"featured_media":38837,"comment_status":"closed","ping_status":"closed","sticky":false,"template":"","format":"standard","meta":{"_monsterinsights_skip_tracking":false,"_monsterinsights_sitenote_active":false,"_monsterinsights_sitenote_note":"","_monsterinsights_sitenote_category":0,"footnotes":""},"categories":[2,3],"tags":[5487,1333,853,2052],"class_list":["post-38836","post","type-post","status-publish","format-standard","has-post-thumbnail","hentry","category-featured","category-societe","tag-celebration-de-lexcellence","tag-ecole","tag-eleves","tag-meilleurs"],"_links":{"self":[{"href":"https:\/\/www.lintelligentdabidjan.info\/news\/wp-json\/wp\/v2\/posts\/38836","targetHints":{"allow":["GET"]}}],"collection":[{"href":"https:\/\/www.lintelligentdabidjan.info\/news\/wp-json\/wp\/v2\/posts"}],"about":[{"href":"https:\/\/www.lintelligentdabidjan.info\/news\/wp-json\/wp\/v2\/types\/post"}],"author":[{"embeddable":true,"href":"https:\/\/www.lintelligentdabidjan.info\/news\/wp-json\/wp\/v2\/users\/4"}],"replies":[{"embeddable":true,"href":"https:\/\/www.lintelligentdabidjan.info\/news\/wp-json\/wp\/v2\/comments?post=38836"}],"version-history":[{"count":1,"href":"https:\/\/www.lintelligentdabidjan.info\/news\/wp-json\/wp\/v2\/posts\/38836\/revisions"}],"predecessor-version":[{"id":38838,"href":"https:\/\/www.lintelligentdabidjan.info\/news\/wp-json\/wp\/v2\/posts\/38836\/revisions\/38838"}],"wp:featuredmedia":[{"embeddable":true,"href":"https:\/\/www.lintelligentdabidjan.info\/news\/wp-json\/wp\/v2\/media\/38837"}],"wp:attachment":[{"href":"https:\/\/www.lintelligentdabidjan.info\/news\/wp-json\/wp\/v2\/media?parent=38836"}],"wp:term":[{"taxonomy":"category","embeddable":true,"href":"https:\/\/www.lintelligentdabidjan.info\/news\/wp-json\/wp\/v2\/categories?post=38836"},{"taxonomy":"post_tag","embeddable":true,"href":"https:\/\/www.lintelligentdabidjan.info\/news\/wp-json\/wp\/v2\/tags?post=38836"}],"curies":[{"name":"wp","href":"https:\/\/api.w.org\/{rel}","templated":true}]}}