{"id":38839,"date":"2025-06-23T07:16:53","date_gmt":"2025-06-23T05:16:53","guid":{"rendered":"https:\/\/www.lintelligentdabidjan.info\/news\/?p=38839"},"modified":"2025-06-23T21:10:45","modified_gmt":"2025-06-23T19:10:45","slug":"daloa-les-meilleurs-eleves-du-canton-gbalouan-sud-celebres-a-seria","status":"publish","type":"post","link":"https:\/\/www.lintelligentdabidjan.info\/news\/daloa-les-meilleurs-eleves-du-canton-gbalouan-sud-celebres-a-seria\/","title":{"rendered":"Daloa- Les meilleurs \u00e9l\u00e8ves du canton Gbalouan-Sud c\u00e9l\u00e9br\u00e9s \u00e0 S\u00e9ria"},"content":{"rendered":"<p><em><strong>Les meilleurs \u00e9l\u00e8ves du canton Gbalouan-Sud ont \u00e9t\u00e9 honor\u00e9s le samedi 14   juin 2025 \u00e0 S\u00e9ria, dans la sous-pr\u00e9fecture de Daloa, \u00e0 l&#8217;occasion de la quatri\u00e8me \u00e9dition de la F\u00eate de l\u2019Excellence scolaire. Initi\u00e9e par le Dr Gnol\u00e9ba Serge Pac\u00f4me, fils et cadre du village, cette c\u00e9r\u00e9monie vise \u00e0 r\u00e9compenser les \u00e9l\u00e8ves les plus m\u00e9ritants, de la classe de CP1 au CM2, issus des 14 \u00e9coles primaires du canton ayant pris part \u00e0 cette \u00e9dition.<\/strong><\/em><\/p>\n<p>\u00c0 cette occasion, Dr Gnol\u00e9ba Serge Pac\u00f4me a r\u00e9affirm\u00e9 son engagement en faveur de la promotion du m\u00e9rite scolaire, convaincu que l\u2019avenir des communaut\u00e9s rurales passe par l\u2019\u00e9ducation et la valorisation des efforts. Il a insist\u00e9 sur la n\u00e9cessit\u00e9 de transformer cette f\u00eate annuelle en projet communautaire p\u00e9renne : \u00ab Cette initiative ne doit plus reposer sur une seule personne. J\u2019appelle tous les fils et filles du canton \u00e0 s\u2019impliquer. Ensemble, nous pouvons construire des cantines scolaires, des biblioth\u00e8ques, des centres num\u00e9riques, des sanitaires\u2026 pour offrir \u00e0 nos enfants un environnement digne. \u00bb Le parrain de la c\u00e9r\u00e9monie, Mathieu Babaud Darret, ministre, gouverneur du District Autonome du Sassandra-Marahou\u00e9, \u00e9tait repr\u00e9sent\u00e9 par Fofana Namory, le  chef de son cabinet.  Ce dernier a salu\u00e9 l\u2019initiative du Dr Gnol\u00e9ba et a proc\u00e9d\u00e9 \u00e0 la remise de kits scolaires complets, de tenues bleu et blanc, de livres, de fournitures de g\u00e9om\u00e9trie et de m\u00e9dailles aux laur\u00e9ats. \u00ab Ce geste vise \u00e0 encourager les enfants et \u00e0 soulager les charges des parents. Un \u00e9l\u00e8ve prim\u00e9 ne devrait plus rien d\u00e9bourser pour sa prochaine rentr\u00e9e \u00bb, a-t-il soulign\u00e9. La c\u00e9r\u00e9monie a \u00e9galement enregistr\u00e9 la pr\u00e9sence de Mme F\u00e9rima Diomand\u00e9, cheffe de la circonscription p\u00e9dagogique Daloa Sud, qui a salu\u00e9 cette dynamique locale : \u00ab Quand un enfant se rend compte que ses efforts sont valoris\u00e9s, cela le motive \u00e0 se surpasser. \u00bb Le chef du village de S\u00e9ria, Guillaume Gnol\u00e9ba, s\u2019est dit \u00e9mu et fier de voir son fils \u0153uvrer pour le bien de la communaut\u00e9 : \u00ab Il a b\u00e9n\u00e9fici\u00e9 de telles actions dans sa jeunesse. Aujourd\u2019hui, il rend \u00e0 la communaut\u00e9. Il est temps que d\u2019autres cadres s\u2019en inspirent. \u00bb<br \/>\nLanc\u00e9e en 2021 \u00e0 l\u2019\u00c9cole Primaire Publique de S\u00e9ria, la F\u00eate de l\u2019Excellence a rapidement gagn\u00e9 en envergure. D\u2019abord limit\u00e9e \u00e0 un seul \u00e9tablissement, elle s\u2019est \u00e9largie en 2022 et 2023 \u00e0 la tribu D\u00e9d\u00e9guh\u00e9, puis \u00e0 l\u2019ensemble du canton Gbalouan-Sud en 2024, preuve de son rayonnement croissant.<\/p>\n<p> <strong>Beker Yao <\/strong><\/p>\n","protected":false},"excerpt":{"rendered":"<p>Les meilleurs \u00e9l\u00e8ves du canton Gbalouan-Sud ont \u00e9t\u00e9 honor\u00e9s le samedi 14 juin 2025 \u00e0 S\u00e9ria, dans la sous-pr\u00e9fecture de Daloa, \u00e0 l&#8217;occasion de la quatri\u00e8me \u00e9dition de la F\u00eate de l\u2019Excellence scolaire. Initi\u00e9e par le Dr Gnol\u00e9ba Serge Pac\u00f4me, fils et cadre du village, cette c\u00e9r\u00e9monie vise \u00e0 r\u00e9compenser les \u00e9l\u00e8ves les plus m\u00e9ritants, [&hellip;]<\/p>\n","protected":false},"author":4,"featured_media":38840,"comment_status":"closed","ping_status":"closed","sticky":false,"template":"","format":"standard","meta":{"_monsterinsights_skip_tracking":false,"_monsterinsights_sitenote_active":false,"_monsterinsights_sitenote_note":"","_monsterinsights_sitenote_category":0,"footnotes":""},"categories":[2,3],"tags":[5488,105,853,2052,5000],"class_list":["post-38839","post","type-post","status-publish","format-standard","has-post-thumbnail","hentry","category-featured","category-societe","tag-canton-gbalouan-sud","tag-daloa","tag-eleves","tag-meilleurs","tag-seria"],"_links":{"self":[{"href":"https:\/\/www.lintelligentdabidjan.info\/news\/wp-json\/wp\/v2\/posts\/38839","targetHints":{"allow":["GET"]}}],"collection":[{"href":"https:\/\/www.lintelligentdabidjan.info\/news\/wp-json\/wp\/v2\/posts"}],"about":[{"href":"https:\/\/www.lintelligentdabidjan.info\/news\/wp-json\/wp\/v2\/types\/post"}],"author":[{"embeddable":true,"href":"https:\/\/www.lintelligentdabidjan.info\/news\/wp-json\/wp\/v2\/users\/4"}],"replies":[{"embeddable":true,"href":"https:\/\/www.lintelligentdabidjan.info\/news\/wp-json\/wp\/v2\/comments?post=38839"}],"version-history":[{"count":3,"href":"https:\/\/www.lintelligentdabidjan.info\/news\/wp-json\/wp\/v2\/posts\/38839\/revisions"}],"predecessor-version":[{"id":38847,"href":"https:\/\/www.lintelligentdabidjan.info\/news\/wp-json\/wp\/v2\/posts\/38839\/revisions\/38847"}],"wp:featuredmedia":[{"embeddable":true,"href":"https:\/\/www.lintelligentdabidjan.info\/news\/wp-json\/wp\/v2\/media\/38840"}],"wp:attachment":[{"href":"https:\/\/www.lintelligentdabidjan.info\/news\/wp-json\/wp\/v2\/media?parent=38839"}],"wp:term":[{"taxonomy":"category","embeddable":true,"href":"https:\/\/www.lintelligentdabidjan.info\/news\/wp-json\/wp\/v2\/categories?post=38839"},{"taxonomy":"post_tag","embeddable":true,"href":"https:\/\/www.lintelligentdabidjan.info\/news\/wp-json\/wp\/v2\/tags?post=38839"}],"curies":[{"name":"wp","href":"https:\/\/api.w.org\/{rel}","templated":true}]}}