{"id":38851,"date":"2025-06-24T07:17:29","date_gmt":"2025-06-24T05:17:29","guid":{"rendered":"https:\/\/www.lintelligentdabidjan.info\/news\/?p=38851"},"modified":"2025-06-24T07:17:34","modified_gmt":"2025-06-24T05:17:34","slug":"audiovisuel-en-cote-divoire-meite-sindou-parle-aujourdhui","status":"publish","type":"post","link":"https:\/\/www.lintelligentdabidjan.info\/news\/audiovisuel-en-cote-divoire-meite-sindou-parle-aujourdhui\/","title":{"rendered":"Audiovisuel en C\u00f4te d\u2019Ivoire-  M\u00e9it\u00e9 Sindou parle aujourd\u2019hui"},"content":{"rendered":"<p><strong>Le Centre d\u2019Information et de Communication gouvernementale (Cicg) re\u00e7oit, le mardi 24 juin 2025, au centre du Syst\u00e8me Int\u00e9gr\u00e9 de Gestion du Foncier Urbain d\u2019Abidjan-Plateau, dans sa tribune hebdomadaire d\u00e9nomm\u00e9e &#8220;Tout Savoir Sur&#8221;, le directeur g\u00e9n\u00e9ral de l\u2019Agence de Soutien et de D\u00e9veloppement des M\u00e9dias (Asdm), M\u00e9it\u00e9 Sindou. <\/strong><\/p>\n<p>Au cours de cette tribune, M\u00e9\u00eft\u00e9 Sindou, directeur g\u00e9n\u00e9ral de l\u2019Agence de Soutien et de D\u00e9veloppement des M\u00e9dias (Asdm), interviendra sur le secteur de l\u2019audiovisuel en C\u00f4te d&#8217;Ivoire. Il expliquera le r\u00f4le de l\u2019Asdm dans la politique mise en place par l\u2019\u00c9tat de C\u00f4te d\u2019Ivoire pour r\u00e9pondre \u00e0 son aspiration. Il mettra en \u00e9vidence les actions du gouvernement pour la lib\u00e9ralisation de l\u2019espace audiovisuel en C\u00f4te d\u2019Ivoire, et rel\u00e8vera \u00e9galement les d\u00e9fis ainsi que les perspectives pour l\u2019avenir. Cette conf\u00e9rence de presse se tiendra \u00e0 15H00 en direct des plateformes digitales du gouvernement ivoirien, notamment Facebook, X et YouTube. Les internautes sont invit\u00e9s \u00e0 la suivre et \u00e0 poser leurs questions en ligne.<\/p>\n<p>Notons que chaque mardi, ce point de presse donne la parole \u00e0 des acteurs institutionnels autour de th\u00e9matiques d\u2019int\u00e9r\u00eat g\u00e9n\u00e9ral. Il s\u2019inscrit dans la volont\u00e9 du gouvernement de renforcer la transparence de l\u2019action publique et d\u2019informer les citoyens sur les grandes politiques nationales.<\/p>\n<p><strong>Tour\u00e9 Abdoulaye avec A. Traor\u00e9<\/strong><\/p>\n","protected":false},"excerpt":{"rendered":"<p>Le Centre d\u2019Information et de Communication gouvernementale (Cicg) re\u00e7oit, le mardi 24 juin 2025, au centre du Syst\u00e8me Int\u00e9gr\u00e9 de Gestion du Foncier Urbain d\u2019Abidjan-Plateau, dans sa tribune hebdomadaire d\u00e9nomm\u00e9e &#8220;Tout Savoir Sur&#8221;, le directeur g\u00e9n\u00e9ral de l\u2019Agence de Soutien et de D\u00e9veloppement des M\u00e9dias (Asdm), M\u00e9it\u00e9 Sindou. Au cours de cette tribune, M\u00e9\u00eft\u00e9 Sindou, [&hellip;]<\/p>\n","protected":false},"author":4,"featured_media":38852,"comment_status":"closed","ping_status":"closed","sticky":false,"template":"","format":"standard","meta":{"_monsterinsights_skip_tracking":false,"_monsterinsights_sitenote_active":false,"_monsterinsights_sitenote_note":"","_monsterinsights_sitenote_category":0,"footnotes":""},"categories":[2,3],"tags":[1270,77,5491],"class_list":["post-38851","post","type-post","status-publish","format-standard","has-post-thumbnail","hentry","category-featured","category-societe","tag-audiovisuel","tag-cote-divoire","tag-meite-sindou"],"_links":{"self":[{"href":"https:\/\/www.lintelligentdabidjan.info\/news\/wp-json\/wp\/v2\/posts\/38851","targetHints":{"allow":["GET"]}}],"collection":[{"href":"https:\/\/www.lintelligentdabidjan.info\/news\/wp-json\/wp\/v2\/posts"}],"about":[{"href":"https:\/\/www.lintelligentdabidjan.info\/news\/wp-json\/wp\/v2\/types\/post"}],"author":[{"embeddable":true,"href":"https:\/\/www.lintelligentdabidjan.info\/news\/wp-json\/wp\/v2\/users\/4"}],"replies":[{"embeddable":true,"href":"https:\/\/www.lintelligentdabidjan.info\/news\/wp-json\/wp\/v2\/comments?post=38851"}],"version-history":[{"count":1,"href":"https:\/\/www.lintelligentdabidjan.info\/news\/wp-json\/wp\/v2\/posts\/38851\/revisions"}],"predecessor-version":[{"id":38853,"href":"https:\/\/www.lintelligentdabidjan.info\/news\/wp-json\/wp\/v2\/posts\/38851\/revisions\/38853"}],"wp:featuredmedia":[{"embeddable":true,"href":"https:\/\/www.lintelligentdabidjan.info\/news\/wp-json\/wp\/v2\/media\/38852"}],"wp:attachment":[{"href":"https:\/\/www.lintelligentdabidjan.info\/news\/wp-json\/wp\/v2\/media?parent=38851"}],"wp:term":[{"taxonomy":"category","embeddable":true,"href":"https:\/\/www.lintelligentdabidjan.info\/news\/wp-json\/wp\/v2\/categories?post=38851"},{"taxonomy":"post_tag","embeddable":true,"href":"https:\/\/www.lintelligentdabidjan.info\/news\/wp-json\/wp\/v2\/tags?post=38851"}],"curies":[{"name":"wp","href":"https:\/\/api.w.org\/{rel}","templated":true}]}}