{"id":38882,"date":"2025-06-26T07:26:08","date_gmt":"2025-06-26T05:26:08","guid":{"rendered":"https:\/\/www.lintelligentdabidjan.info\/news\/?p=38882"},"modified":"2025-06-26T07:26:36","modified_gmt":"2025-06-26T05:26:36","slug":"lutte-contre-les-violences-basees-sur-le-genre-la-crdh-mobilise-les-acteurs-sociaux","status":"publish","type":"post","link":"https:\/\/www.lintelligentdabidjan.info\/news\/lutte-contre-les-violences-basees-sur-le-genre-la-crdh-mobilise-les-acteurs-sociaux\/","title":{"rendered":"Lutte contre les violences bas\u00e9es sur le genre-   La CRDH mobilise les acteurs sociaux"},"content":{"rendered":"<p><em><strong>Le Centre de la Commission R\u00e9gionale des Droits de l\u2019Homme (CRDH) de Bouak\u00e9 a abrit\u00e9, le mercredi 25 juin 2025, la r\u00e9union mensuelle de la plateforme de collaboration pour la lutte contre les violences bas\u00e9es sur le genre (VBG) et la protection des orphelins et enfants rendus vuln\u00e9rables (OEV), initi\u00e9e par le centre social de Bouak\u00e9, zone industrielle.<\/strong><\/em><\/p>\n<p>Plac\u00e9e sous la pr\u00e9sidence de Carine Keffa, pr\u00e9sidente de la CRDH de Bouak\u00e9, cette rencontre a r\u00e9uni des repr\u00e9sentants de structures \u00e9tatiques, d\u2019ONG, de la soci\u00e9t\u00e9 civile ainsi que des forces de l\u2019ordre. L\u2019objectif \u00e9tait de dresser le bilan des activit\u00e9s men\u00e9es dans la lutte contre les VBG dans le quartier Zone et d\u2019esquisser les perspectives \u00e0 venir.<\/p>\n<p>Diomand\u00e9 Abdoulaye, directeur du centre social de la zone industrielle et secr\u00e9taire technique de la plateforme, a soulign\u00e9 l\u2019importance de ce cadre de concertation mensuel : \u00ab Nous sommes r\u00e9guli\u00e8rement saisis de cas de violation des droits humains, notamment en mati\u00e8re de violences bas\u00e9es sur le genre. Le mois dernier, nous avons enregistr\u00e9 plusieurs cas de maltraitance. Cette r\u00e9union est donc capitale pour \u00e9valuer nos actions et renforcer notre coordination \u00bb, a-t-il expliqu\u00e9.<\/p>\n<p>Au terme des \u00e9changes, la pr\u00e9sidente de la CRDH, Carine Keffa, s\u2019est dit  satisfaite des r\u00e9sultats enregistr\u00e9s au cours du mois de juin.<\/p>\n<p>\u00ab Les chiffres enregistr\u00e9s ce mois de juin sont satisfaisants. Nous avons recens\u00e9 huit cas de violences bas\u00e9es sur le genre, toutes formes confondues \u00bb, a-t-elle indiqu\u00e9.<\/p>\n<p>Elle a pr\u00e9cis\u00e9 que la hausse des cas signal\u00e9s n\u2019est pas un indicateur d\u2019\u00e9chec, mais plut\u00f4t une avanc\u00e9e dans la prise de conscience et la confiance des victimes dans les m\u00e9canismes de signalement :<\/p>\n<p>\u00ab Un nombre \u00e9lev\u00e9 de cas ne signifie pas que le travail n\u2019est pas fait. Au contraire, cela montre que les victimes osent d\u00e9noncer, qu\u2019elles connaissent leurs droits et les structures vers lesquelles se tourner. \u00bb<\/p>\n<p><strong>Appel \u00e0 l\u2019action collective<\/strong><\/p>\n<p>Pour maintenir cette dynamique, la pr\u00e9sidente de la CRDH a invit\u00e9 toutes les plateformes engag\u00e9es contre les VBG \u00e0 renforcer leurs actions et \u00e0 sensibiliser davantage les populations :<\/p>\n<p> \u00ab Il faut poursuivre les efforts de lutte contre les violences bas\u00e9es sur le genre, mais aussi contre toutes formes de violations des droits humains : droits des enfants, des femmes, des personnes \u00e2g\u00e9es, des personnes vuln\u00e9rables&#8230; Que chacun joue pleinement son r\u00f4le. \u00bb<\/p>\n<p>Au-del\u00e0 de la lutte contre les VBG, cette rencontre a \u00e9galement permis de r\u00e9affirmer le r\u00f4le de la Commission dans la promotion de la paix, des droits humains et de la coh\u00e9sion sociale \u00e0 Bouak\u00e9. Carine Keffa a rappel\u00e9 la disponibilit\u00e9 de la CRDH \u00e0 accompagner toutes les populations dans la d\u00e9fense de leurs droits.<\/p>\n<p><strong>Nambac\u00e9r\u00e9 Jo\u00ebl <\/strong><\/p>\n","protected":false},"excerpt":{"rendered":"<p>Le Centre de la Commission R\u00e9gionale des Droits de l\u2019Homme (CRDH) de Bouak\u00e9 a abrit\u00e9, le mercredi 25 juin 2025, la r\u00e9union mensuelle de la plateforme de collaboration pour la lutte contre les violences bas\u00e9es sur le genre (VBG) et la protection des orphelins et enfants rendus vuln\u00e9rables (OEV), initi\u00e9e par le centre social de [&hellip;]<\/p>\n","protected":false},"author":4,"featured_media":38883,"comment_status":"closed","ping_status":"closed","sticky":false,"template":"","format":"standard","meta":{"_monsterinsights_skip_tracking":false,"_monsterinsights_sitenote_active":false,"_monsterinsights_sitenote_note":"","_monsterinsights_sitenote_category":0,"footnotes":""},"categories":[2,3],"tags":[5505,5077,3292,2658,4195,545],"class_list":["post-38882","post","type-post","status-publish","format-standard","has-post-thumbnail","hentry","category-featured","category-societe","tag-acteurs-sociaux","tag-crdh","tag-genre","tag-lutte","tag-mobilise","tag-violences"],"_links":{"self":[{"href":"https:\/\/www.lintelligentdabidjan.info\/news\/wp-json\/wp\/v2\/posts\/38882","targetHints":{"allow":["GET"]}}],"collection":[{"href":"https:\/\/www.lintelligentdabidjan.info\/news\/wp-json\/wp\/v2\/posts"}],"about":[{"href":"https:\/\/www.lintelligentdabidjan.info\/news\/wp-json\/wp\/v2\/types\/post"}],"author":[{"embeddable":true,"href":"https:\/\/www.lintelligentdabidjan.info\/news\/wp-json\/wp\/v2\/users\/4"}],"replies":[{"embeddable":true,"href":"https:\/\/www.lintelligentdabidjan.info\/news\/wp-json\/wp\/v2\/comments?post=38882"}],"version-history":[{"count":1,"href":"https:\/\/www.lintelligentdabidjan.info\/news\/wp-json\/wp\/v2\/posts\/38882\/revisions"}],"predecessor-version":[{"id":38884,"href":"https:\/\/www.lintelligentdabidjan.info\/news\/wp-json\/wp\/v2\/posts\/38882\/revisions\/38884"}],"wp:featuredmedia":[{"embeddable":true,"href":"https:\/\/www.lintelligentdabidjan.info\/news\/wp-json\/wp\/v2\/media\/38883"}],"wp:attachment":[{"href":"https:\/\/www.lintelligentdabidjan.info\/news\/wp-json\/wp\/v2\/media?parent=38882"}],"wp:term":[{"taxonomy":"category","embeddable":true,"href":"https:\/\/www.lintelligentdabidjan.info\/news\/wp-json\/wp\/v2\/categories?post=38882"},{"taxonomy":"post_tag","embeddable":true,"href":"https:\/\/www.lintelligentdabidjan.info\/news\/wp-json\/wp\/v2\/tags?post=38882"}],"curies":[{"name":"wp","href":"https:\/\/api.w.org\/{rel}","templated":true}]}}