{"id":38885,"date":"2025-06-26T07:31:37","date_gmt":"2025-06-26T05:31:37","guid":{"rendered":"https:\/\/www.lintelligentdabidjan.info\/news\/?p=38885"},"modified":"2025-06-26T07:32:12","modified_gmt":"2025-06-26T05:32:12","slug":"saioua-intronise-chef-du-village-de-zega-tako-gouali-patrice-appelle-les-jeunes-a-quitter-les-fumoirs","status":"publish","type":"post","link":"https:\/\/www.lintelligentdabidjan.info\/news\/saioua-intronise-chef-du-village-de-zega-tako-gouali-patrice-appelle-les-jeunes-a-quitter-les-fumoirs\/","title":{"rendered":"Sa\u00efoua &#8211; Intronis\u00e9 chef du village de Z\u00e9ga:  Tako Gouali Patrice   appelle les jeunes \u00e0 quitter les fumoirs"},"content":{"rendered":"<p><em><strong>Tako Gouali Patrice, chef du village de Z\u00e9ga appelle les jeunes \u00e0 quitter les fumoirs .<\/strong><\/em><\/p>\n<p>Le chef du village de Z\u00e9ga, Tako Gouali Patrice, s\u2019est engag\u00e9 \u00e0 \u0153uvrer pour l\u2019unit\u00e9, la coh\u00e9sion sociale et le d\u00e9veloppement participatif lors de sa c\u00e9r\u00e9monie d\u2019intronisation tenue le samedi 21 juin 2025.  Cette c\u00e9r\u00e9monie, qui a rassembl\u00e9 42 chefs du canton Yocolo, les autorit\u00e9s locales, les cadres du village ainsi que des d\u00e9l\u00e9gations venues de la diaspora, marque une nouvelle \u00e9tape dans la vie de ce village de la sous-pr\u00e9fecture de Sa\u00efoua. Le moment fort a \u00e9t\u00e9 la remise officielle de l\u2019arr\u00eat\u00e9 de nomination par le sous-pr\u00e9fet de Sa\u00efoua, Bayoh Baba, qui a salu\u00e9 la maturit\u00e9 et l\u2019unit\u00e9 dont fait preuve la communaut\u00e9 de Z\u00e9ga. Tako Gouali Patrice, conseiller p\u00e9dagogique \u00e0 la retraite et ancien pr\u00e9sident de la mutuelle de d\u00e9veloppement, a exprim\u00e9  sa vision d\u2019un leadership au service de toutes les composantes du village. \u00ab\u202fMon action visera \u00e0 promouvoir l\u2019unit\u00e9 et la coh\u00e9sion \u00e0 travers une politique de participation de chaque groupe \u00e0 la gestion du village\u00bb, a-t-il affirm\u00e9, s\u2019adressant aux communaut\u00e9s issues des quatre villages fondateurs : Z\u00e9ga, Digbeugogoua, Neabla et Gbeukpa.<\/p>\n<p> Le chef a \u00e9galement mis l\u2019accent sur les d\u00e9fis sociaux, notamment les probl\u00e8mes li\u00e9s \u00e0 la drogue et \u00e0 l\u2019oisivet\u00e9 qui touchent une partie de la jeunesse. \u00ab\u202fJe frapperai \u00e0 toutes les portes pour le d\u00e9veloppement du village. Mais cela ne sera possible que si notre jeunesse se l\u00e8ve, travaille, quitte les fumoirs et abandonne l\u2019esprit de facilit\u00e9.\u202f\u00bb Avant m\u00eame son intronisation, il avait d\u00e9j\u00e0 initi\u00e9 plusieurs actions concr\u00e8tes : \u00e9lectrification du village avec plus de 3 500 compteurs install\u00e9s, r\u00e9conciliation des femmes, et acc\u00e8s \u00e0 l\u2019eau potable.  Il entend maintenant aller plus loin, avec le soutien des cadres et des partenaires au d\u00e9veloppement.<\/p>\n<p>Ziki S\u00e9bastien Zahil, magistrat hors hi\u00e9rarchie et pr\u00e9sident de la F\u00e9d\u00e9ration des Mutuelles du canton Yocolo, parrain de la c\u00e9r\u00e9monie, a rappel\u00e9 que le chef est un rassembleur et un b\u00e2tisseur. \u00ab\u202fIl doit apaiser les tensions fonci\u00e8res, promouvoir la cohabitation pacifique entre autochtones et allog\u00e8nes, et encourager l\u2019esprit d\u2019entreprise chez les jeunes\u202f\u00bb, a-t-il soulign\u00e9.<\/p>\n<p>Il a insist\u00e9 sur l\u2019importance de la formation, de l\u2019entrepreneuriat et du d\u00e9veloppement des coop\u00e9ratives, tout en r\u00e9affirmant l\u2019appui de la F\u00e9d\u00e9ration aux projets villageois.<\/p>\n<p>Au nom des cadres, Pr\u00e9gnon Seri a salu\u00e9 la mobilisation remarquable des populations locales et des ressortissants vivant \u00e0 l\u2019\u00e9tranger, notamment en France, Russie et \u00c9tats-Unis. \u00ab\u202fCe vivre-ensemble est un atout majeur pour notre d\u00e9veloppement \u00bb, a-t-il soulign\u00e9.<\/p>\n<p><strong> Beker Yao <\/strong><\/p>\n","protected":false},"excerpt":{"rendered":"<p>Tako Gouali Patrice, chef du village de Z\u00e9ga appelle les jeunes \u00e0 quitter les fumoirs . Le chef du village de Z\u00e9ga, Tako Gouali Patrice, s\u2019est engag\u00e9 \u00e0 \u0153uvrer pour l\u2019unit\u00e9, la coh\u00e9sion sociale et le d\u00e9veloppement participatif lors de sa c\u00e9r\u00e9monie d\u2019intronisation tenue le samedi 21 juin 2025. Cette c\u00e9r\u00e9monie, qui a rassembl\u00e9 42 [&hellip;]<\/p>\n","protected":false},"author":4,"featured_media":38886,"comment_status":"closed","ping_status":"closed","sticky":false,"template":"","format":"standard","meta":{"_monsterinsights_skip_tracking":false,"_monsterinsights_sitenote_active":false,"_monsterinsights_sitenote_note":"","_monsterinsights_sitenote_category":0,"footnotes":""},"categories":[2,3],"tags":[5507,5510,5506,701,5374,5509,5508],"class_list":["post-38885","post","type-post","status-publish","format-standard","has-post-thumbnail","hentry","category-featured","category-societe","tag-chef-du-village","tag-fumoirs","tag-intronise","tag-jeunes","tag-saioua","tag-tako-gouali-patrice","tag-zega"],"_links":{"self":[{"href":"https:\/\/www.lintelligentdabidjan.info\/news\/wp-json\/wp\/v2\/posts\/38885","targetHints":{"allow":["GET"]}}],"collection":[{"href":"https:\/\/www.lintelligentdabidjan.info\/news\/wp-json\/wp\/v2\/posts"}],"about":[{"href":"https:\/\/www.lintelligentdabidjan.info\/news\/wp-json\/wp\/v2\/types\/post"}],"author":[{"embeddable":true,"href":"https:\/\/www.lintelligentdabidjan.info\/news\/wp-json\/wp\/v2\/users\/4"}],"replies":[{"embeddable":true,"href":"https:\/\/www.lintelligentdabidjan.info\/news\/wp-json\/wp\/v2\/comments?post=38885"}],"version-history":[{"count":1,"href":"https:\/\/www.lintelligentdabidjan.info\/news\/wp-json\/wp\/v2\/posts\/38885\/revisions"}],"predecessor-version":[{"id":38887,"href":"https:\/\/www.lintelligentdabidjan.info\/news\/wp-json\/wp\/v2\/posts\/38885\/revisions\/38887"}],"wp:featuredmedia":[{"embeddable":true,"href":"https:\/\/www.lintelligentdabidjan.info\/news\/wp-json\/wp\/v2\/media\/38886"}],"wp:attachment":[{"href":"https:\/\/www.lintelligentdabidjan.info\/news\/wp-json\/wp\/v2\/media?parent=38885"}],"wp:term":[{"taxonomy":"category","embeddable":true,"href":"https:\/\/www.lintelligentdabidjan.info\/news\/wp-json\/wp\/v2\/categories?post=38885"},{"taxonomy":"post_tag","embeddable":true,"href":"https:\/\/www.lintelligentdabidjan.info\/news\/wp-json\/wp\/v2\/tags?post=38885"}],"curies":[{"name":"wp","href":"https:\/\/api.w.org\/{rel}","templated":true}]}}