{"id":38896,"date":"2025-06-27T01:37:12","date_gmt":"2025-06-26T23:37:12","guid":{"rendered":"https:\/\/www.lintelligentdabidjan.info\/news\/?p=38896"},"modified":"2025-06-27T02:11:09","modified_gmt":"2025-06-27T00:11:09","slug":"la-turquie-en-afrique-zoom-sur-le-pari-neo-ottoman-derdogan","status":"publish","type":"post","link":"https:\/\/www.lintelligentdabidjan.info\/news\/la-turquie-en-afrique-zoom-sur-le-pari-neo-ottoman-derdogan\/","title":{"rendered":"La Turquie en Afrique-  Zoom sur le pari n\u00e9o-ottoman d\u2019Erdo\u011fan"},"content":{"rendered":"<p><strong>La Turquie c\u00e9l\u00e8bre le 20\u1d49 anniversaire de sa politique africaine, en cette ann\u00e9e 2025. Dans ce contexte, le pr\u00e9sident Recep Tayyip Erdo\u011fan acc\u00e9l\u00e8re sa conqu\u00eate d\u2019influence sur le continent. En effet, face \u00e0 son isolement relatif en M\u00e9diterran\u00e9e orientale et au Caucase dans les ann\u00e9es 2020, Ankara a fait de l\u2019Afrique un pilier central de sa projection internationale, combinant diplomatie religieuse, investissements cibl\u00e9s et partenariats s\u00e9curitaires \u2013 notamment au Sahel.<\/strong><\/p>\n<p><strong>Les piliers du soft power turc : \u00c9ducation, islam et m\u00e9dias<\/strong><\/p>\n<p>La Fondation Maarif, bras \u00e9ducatif d\u2019Ankara, a pris le contr\u00f4le d\u2019une centaine d\u2019\u00e9coles africaines apr\u00e8s la purge du mouvement G\u00fclen en 2016. Pr\u00e9sente dans 30 pays, elle diffuse un islam \u00ab tol\u00e9rant \u00bb et promeut la langue turque via les instituts Yunus Emre . Dans le m\u00eame temps, la Diyanet (Direction des affaires religieuses) d\u00e9ploie une quinzaine d\u2019attach\u00e9s religieux en Afrique. Son action : financement de mosqu\u00e9es au style n\u00e9o-ottoman (Ghana, Afrique du Sud), aides caritatives lors des f\u00eates islamiques, et sommets annuels de chefs religieux musulmans depuis 2006.<\/p>\n<p>\u00ab L\u2019islam est un vecteur strat\u00e9gique pour ancrer l\u2019image de la Turquie comme protecteur des musulmans \u00bb,souligne un rapport de l\u2019IRIS . Le poids protocolaire de la Diyanet, qui d\u00e9passe celui de l\u2019arm\u00e9e turque, illustre cette priorit\u00e9.<\/p>\n<p>C\u00f4t\u00e9 m\u00e9dias, TRT Africa (lanc\u00e9e en 2023 en fran\u00e7ais, anglais, haoussa et swahili) et l\u2019Agence Anadolu propagent la narration turque : d\u00e9fense de l\u2019\u00ab anti-imp\u00e9rialisme \u00bb et promotion d\u2019une solidarit\u00e9 Sud-Sud. Le \u00ab Sommet des m\u00e9dias Turquie-Afrique \u00bb d\u2019Istanbul en 2022 a scell\u00e9 cette offensive d\u2019image .<\/p>\n<p><strong>Conqu\u00eate \u00e9conomique : du textile aux mines strat\u00e9giques<\/strong><\/p>\n<p>Les \u00e9changes commerciaux explosent, surtout en Afrique de l&#8217;Ouest :<\/p>\n<p>&#8211; Mali : +140% d\u2019exportations turques (2012-2022), et +2842% d\u2019importations depuis le Mali<\/p>\n<p>&#8211; S\u00e9n\u00e9gal : +108% d\u2019exportations, +710% d\u2019importations<\/p>\n<p>&#8211; C\u00f4te d\u2019Ivoire : +324% d\u2019exportations, +162% d\u2019importations<\/p>\n<p>Ankara mise sur les secteurs-cl\u00e9s :<\/p>\n<p>&#8211; Infrastructures : Contrats du BTP turc financ\u00e9s via des summits triennaux depuis 2008.<\/p>\n<p>&#8211; Mines : Au Burkina Faso, la soci\u00e9t\u00e9 AFRO TURK a acquis l\u2019exploitation du mangan\u00e8se de Tambao et de la mine d\u2019or d\u2019Inata (50,4M$). Au Niger, le CNSP accorde des \u00ab facilit\u00e9s exclusives \u00bb aux entreprises turques dans le secteur minier contre un renforcement de la coop\u00e9ration militaire .<\/p>\n<p>Le DEIK (Conseil turc des relations \u00e9conomiques) et la M\u00fcsiad (patronat islamique pro-AKP) structurent ce r\u00e9seau, pr\u00e9parant activement le prochain sommet Afrique-Turquie pr\u00e9vu en Libye en 2026 \u2013 o\u00f9 Ankara d\u00e9tient des droits d\u2019exploitation gazi\u00e8re en \u00e9change de son soutien \u00e0 Tripoli.<\/p>\n<p><strong>SADAT et drones : Le volet s\u00e9curitaire discut\u00e9<\/strong><\/p>\n<p>L\u2019entreprise SADAT, fond\u00e9e par l\u2019ex-g\u00e9n\u00e9ral pro-Erdo\u011fan Adnan Tanriverdi, incarne la face obscure de l\u2019influence turque. Officiellement \u00ab consultante en d\u00e9fense \u00bb, elle forme les arm\u00e9es africaines \u00e0 l\u2019usage des drones Bayraktar TB2 \u2013 vendus \u00e0 25 pays dont le Mali, le Burkina Faso et le Niger. Malgr\u00e9 des succ\u00e8s en Libye ou en \u00c9thiopie, leur efficacit\u00e9 au Sahel est contest\u00e9e : plusieurs drones maliens captur\u00e9s par des jihadistes fin 2024, et des accusations de frappes civiles .<\/p>\n<p>\u00ab SADAT agit comme un levier hybride de la politique \u00e9trang\u00e8re turque, entre services officiels et initiatives priv\u00e9es \u00bb, r\u00e9v\u00e8le une enqu\u00eate de Middle East Eye. L\u2019entreprise, dirig\u00e9e par Melih Tanriverdi depuis 2024, nie employer des mercenaires syriens, mais des centaines de combattants de l\u2019ANS (Arm\u00e9e nationale syrienne) op\u00e9reraient au Burkina et au Niger pour s\u00e9curiser des sites miniers.<\/p>\n<p><strong>Bilan et d\u00e9fis : une influence en demi-teinte<\/strong><\/p>\n<p>La Turquie capitalise sur le rejet de l\u2019Occident au Sahel et s\u2019appuie sur :<\/p>\n<p>1. Un r\u00e9seau diplomatique dense (44 ambassades, 4\u1d49 rang en Afrique)<\/p>\n<p>2. Un islam pr\u00e9sent\u00e9 comme mod\u00e9r\u00e9 (Diyanet et mosqu\u00e9es)<\/p>\n<p>3. Des investissements agressifs (textile, BTP, mines)<\/p>\n<p>4. Une offre s\u00e9curitaire \u00ab sans conditions \u00bb(drones, formation)<\/p>\n<p><strong>Risques persistants :<\/strong><\/p>\n<p>&#8211; \u00c9checs op\u00e9rationnels des Bayraktar face au terrorisme sah\u00e9lien.<\/p>\n<p>&#8211; D\u00e9pendance aux r\u00e9gimes instables (CNSP au Niger, junte malienne).<\/p>\n<p>&#8211; Concurrence russe et chinoise dans le domaine minier et s\u00e9curitaire.<\/p>\n<p>\u00ab L\u2019Afrique permet \u00e0 la Turquie de s\u2019affirmer comme un acteur incontournable des \u00e9quilibres multipolaires \u00bb, r\u00e9sume l\u2019IRIS . Mais la Pax Turcica promise par Erdo\u011fan reste fragile : si son mod\u00e8le s\u00e9duit les r\u00e9gimes post-putsch, il peine \u00e0 transformer l\u2019essai en stabilit\u00e9 concr\u00e8te.<\/p>\n<p>\u00c0 suivre : Le sommet Afrique-Turquie de 2026 en Libye, test d\u00e9cisif pour la \u00ab voie turque \u00bb face aux crises sah\u00e9liennes.<\/p>\n<p><strong>Charles Kouassi<\/strong><\/p>\n<p>Sources : DIRCOM turque, Middle East Eye, rapports \u00e9conomiques africains<\/p>\n","protected":false},"excerpt":{"rendered":"<p>La Turquie c\u00e9l\u00e8bre le 20\u1d49 anniversaire de sa politique africaine, en cette ann\u00e9e 2025. Dans ce contexte, le pr\u00e9sident Recep Tayyip Erdo\u011fan acc\u00e9l\u00e8re sa conqu\u00eate d\u2019influence sur le continent. En effet, face \u00e0 son isolement relatif en M\u00e9diterran\u00e9e orientale et au Caucase dans les ann\u00e9es 2020, Ankara a fait de l\u2019Afrique un pilier central de [&hellip;]<\/p>\n","protected":false},"author":4,"featured_media":38919,"comment_status":"closed","ping_status":"closed","sticky":false,"template":"","format":"standard","meta":{"_monsterinsights_skip_tracking":false,"_monsterinsights_sitenote_active":false,"_monsterinsights_sitenote_note":"","_monsterinsights_sitenote_category":0,"footnotes":""},"categories":[2,18,21,3],"tags":[180,5511,5512,5248],"class_list":["post-38896","post","type-post","status-publish","format-standard","has-post-thumbnail","hentry","category-featured","category-economie","category-international","category-societe","tag-afrique","tag-neo-ottoman-derdogan","tag-pari","tag-turquie"],"_links":{"self":[{"href":"https:\/\/www.lintelligentdabidjan.info\/news\/wp-json\/wp\/v2\/posts\/38896","targetHints":{"allow":["GET"]}}],"collection":[{"href":"https:\/\/www.lintelligentdabidjan.info\/news\/wp-json\/wp\/v2\/posts"}],"about":[{"href":"https:\/\/www.lintelligentdabidjan.info\/news\/wp-json\/wp\/v2\/types\/post"}],"author":[{"embeddable":true,"href":"https:\/\/www.lintelligentdabidjan.info\/news\/wp-json\/wp\/v2\/users\/4"}],"replies":[{"embeddable":true,"href":"https:\/\/www.lintelligentdabidjan.info\/news\/wp-json\/wp\/v2\/comments?post=38896"}],"version-history":[{"count":3,"href":"https:\/\/www.lintelligentdabidjan.info\/news\/wp-json\/wp\/v2\/posts\/38896\/revisions"}],"predecessor-version":[{"id":38920,"href":"https:\/\/www.lintelligentdabidjan.info\/news\/wp-json\/wp\/v2\/posts\/38896\/revisions\/38920"}],"wp:featuredmedia":[{"embeddable":true,"href":"https:\/\/www.lintelligentdabidjan.info\/news\/wp-json\/wp\/v2\/media\/38919"}],"wp:attachment":[{"href":"https:\/\/www.lintelligentdabidjan.info\/news\/wp-json\/wp\/v2\/media?parent=38896"}],"wp:term":[{"taxonomy":"category","embeddable":true,"href":"https:\/\/www.lintelligentdabidjan.info\/news\/wp-json\/wp\/v2\/categories?post=38896"},{"taxonomy":"post_tag","embeddable":true,"href":"https:\/\/www.lintelligentdabidjan.info\/news\/wp-json\/wp\/v2\/tags?post=38896"}],"curies":[{"name":"wp","href":"https:\/\/api.w.org\/{rel}","templated":true}]}}