{"id":38898,"date":"2025-06-27T01:40:40","date_gmt":"2025-06-26T23:40:40","guid":{"rendered":"https:\/\/www.lintelligentdabidjan.info\/news\/?p=38898"},"modified":"2025-06-27T09:06:40","modified_gmt":"2025-06-27T07:06:40","slug":"hommage-a-un-grand-homme-ben-ismael-par-traore-yaya-web-administrateur","status":"publish","type":"post","link":"https:\/\/www.lintelligentdabidjan.info\/news\/hommage-a-un-grand-homme-ben-ismael-par-traore-yaya-web-administrateur\/","title":{"rendered":"Hommage \u00e0 un grand homme \u2013 Ben Isma\u00ebl   Par Traore YAYA, Web Administrateur"},"content":{"rendered":"<p><strong>Il est des hommes dont la voix continue de r\u00e9sonner bien apr\u00e8s que le silence a pris place.<\/strong><\/p>\n<p>Ben Isma\u00ebl \u00e9tait de ceux-l\u00e0. Journaliste d\u2019exception, homme de plume et d\u2019engagement, il n\u2019\u00e9tait pas seulement un professionnel brillant, mais une figure marquante de son \u00e9poque, une r\u00e9f\u00e9rence pour les jeunes g\u00e9n\u00e9rations, un mod\u00e8le d\u2019humilit\u00e9 et de rigueur.<\/p>\n<p>\u00c0 travers ses mots, ses analyses, sa voix pos\u00e9e et pleine de conviction, il a su \u00e9clairer l\u2019opinion, d\u00e9fendre la v\u00e9rit\u00e9 et donner une place noble au journalisme.<\/p>\n<p>Mais ce que je retiens encore plus personnellement, c\u2019est l\u2019homme derri\u00e8re le micro : un p\u00e8re de c\u0153ur, un guide, un sage dont les conseils touchaient l\u2019\u00e2me autant que l\u2019esprit.<\/p>\n<p>Il avait cette rare capacit\u00e9 \u00e0 \u00e9couter, \u00e0 orienter, \u00e0 parler peu mais juste. \u00c0 chaque \u00e9change, il laissait une trace : une pens\u00e9e, une le\u00e7on, une chaleur humaine qui ne s\u2019oublie pas.<\/p>\n<p>Aujourd\u2019hui, en tant que web administrateur mais surtout en tant qu\u2019homme reconnaissant, je rends hommage \u00e0 sa m\u00e9moire un an apr\u00e8s sa disparition .<\/p>\n<p>Merci Ben Isma\u00ebl dit le \u00ab Doyen \u00bb ,pour l\u2019impact de ton passage, pour la profondeur de tes paroles, et pour la lumi\u00e8re que tu as sem\u00e9e dans tant de vies.<\/p>\n<p>Que ton \u00e2me repose en paix. Ton h\u00e9ritage, lui, demeure vivant.<\/p>\n<figure id=\"attachment_38921\" aria-describedby=\"caption-attachment-38921\" style=\"width: 280px\" class=\"wp-caption alignnone\"><img loading=\"lazy\" decoding=\"async\" class=\"size-medium wp-image-38921\" src=\"https:\/\/www.lintelligentdabidjan.info\/news\/wp-content\/uploads\/2025\/06\/WhatsApp-Image-2025-06-27-at-00.13.40-280x300.jpeg\" alt=\" Ben Isma\u00ebl\" width=\"280\" height=\"300\" srcset=\"https:\/\/www.lintelligentdabidjan.info\/news\/wp-content\/uploads\/2025\/06\/WhatsApp-Image-2025-06-27-at-00.13.40-280x300.jpeg 280w, https:\/\/www.lintelligentdabidjan.info\/news\/wp-content\/uploads\/2025\/06\/WhatsApp-Image-2025-06-27-at-00.13.40-768x823.jpeg 768w, https:\/\/www.lintelligentdabidjan.info\/news\/wp-content\/uploads\/2025\/06\/WhatsApp-Image-2025-06-27-at-00.13.40-955x1024.jpeg 955w, https:\/\/www.lintelligentdabidjan.info\/news\/wp-content\/uploads\/2025\/06\/WhatsApp-Image-2025-06-27-at-00.13.40-696x746.jpeg 696w, https:\/\/www.lintelligentdabidjan.info\/news\/wp-content\/uploads\/2025\/06\/WhatsApp-Image-2025-06-27-at-00.13.40-1068x1145.jpeg 1068w, https:\/\/www.lintelligentdabidjan.info\/news\/wp-content\/uploads\/2025\/06\/WhatsApp-Image-2025-06-27-at-00.13.40-392x420.jpeg 392w, https:\/\/www.lintelligentdabidjan.info\/news\/wp-content\/uploads\/2025\/06\/WhatsApp-Image-2025-06-27-at-00.13.40.jpeg 1194w\" sizes=\"auto, (max-width: 280px) 100vw, 280px\" \/><figcaption id=\"caption-attachment-38921\" class=\"wp-caption-text\">Ben Isma\u00ebl<\/figcaption><\/figure>\n<p>&nbsp;<\/p>\n<p><strong>Yaya .T<\/strong><\/p>\n","protected":false},"excerpt":{"rendered":"<p>Il est des hommes dont la voix continue de r\u00e9sonner bien apr\u00e8s que le silence a pris place. Ben Isma\u00ebl \u00e9tait de ceux-l\u00e0. Journaliste d\u2019exception, homme de plume et d\u2019engagement, il n\u2019\u00e9tait pas seulement un professionnel brillant, mais une figure marquante de son \u00e9poque, une r\u00e9f\u00e9rence pour les jeunes g\u00e9n\u00e9rations, un mod\u00e8le d\u2019humilit\u00e9 et de [&hellip;]<\/p>\n","protected":false},"author":4,"featured_media":38931,"comment_status":"closed","ping_status":"closed","sticky":false,"template":"","format":"standard","meta":{"_monsterinsights_skip_tracking":false,"_monsterinsights_sitenote_active":false,"_monsterinsights_sitenote_note":"","_monsterinsights_sitenote_category":0,"footnotes":""},"categories":[2,3],"tags":[],"class_list":["post-38898","post","type-post","status-publish","format-standard","has-post-thumbnail","hentry","category-featured","category-societe"],"_links":{"self":[{"href":"https:\/\/www.lintelligentdabidjan.info\/news\/wp-json\/wp\/v2\/posts\/38898","targetHints":{"allow":["GET"]}}],"collection":[{"href":"https:\/\/www.lintelligentdabidjan.info\/news\/wp-json\/wp\/v2\/posts"}],"about":[{"href":"https:\/\/www.lintelligentdabidjan.info\/news\/wp-json\/wp\/v2\/types\/post"}],"author":[{"embeddable":true,"href":"https:\/\/www.lintelligentdabidjan.info\/news\/wp-json\/wp\/v2\/users\/4"}],"replies":[{"embeddable":true,"href":"https:\/\/www.lintelligentdabidjan.info\/news\/wp-json\/wp\/v2\/comments?post=38898"}],"version-history":[{"count":6,"href":"https:\/\/www.lintelligentdabidjan.info\/news\/wp-json\/wp\/v2\/posts\/38898\/revisions"}],"predecessor-version":[{"id":38929,"href":"https:\/\/www.lintelligentdabidjan.info\/news\/wp-json\/wp\/v2\/posts\/38898\/revisions\/38929"}],"wp:featuredmedia":[{"embeddable":true,"href":"https:\/\/www.lintelligentdabidjan.info\/news\/wp-json\/wp\/v2\/media\/38931"}],"wp:attachment":[{"href":"https:\/\/www.lintelligentdabidjan.info\/news\/wp-json\/wp\/v2\/media?parent=38898"}],"wp:term":[{"taxonomy":"category","embeddable":true,"href":"https:\/\/www.lintelligentdabidjan.info\/news\/wp-json\/wp\/v2\/categories?post=38898"},{"taxonomy":"post_tag","embeddable":true,"href":"https:\/\/www.lintelligentdabidjan.info\/news\/wp-json\/wp\/v2\/tags?post=38898"}],"curies":[{"name":"wp","href":"https:\/\/api.w.org\/{rel}","templated":true}]}}