{"id":38966,"date":"2025-06-30T07:17:25","date_gmt":"2025-06-30T05:17:25","guid":{"rendered":"https:\/\/www.lintelligentdabidjan.info\/news\/?p=38966"},"modified":"2025-06-30T07:17:29","modified_gmt":"2025-06-30T05:17:29","slug":"yamoussoukro-developpement-local-le-district-autonome-lance-sa-radio-wia-fm","status":"publish","type":"post","link":"https:\/\/www.lintelligentdabidjan.info\/news\/yamoussoukro-developpement-local-le-district-autonome-lance-sa-radio-wia-fm\/","title":{"rendered":"Yamoussoukro : D\u00e9veloppement local :   Le District Autonome lance sa radio \u00ab WIA FM \u00bb"},"content":{"rendered":"<p><strong>Le District Autonome de Yamoussoukro a franchi une \u00e9tape majeure dans sa politique de d\u00e9veloppement local avec le lancement officiel, le vendredi 27 juin 2025,  de sa station de radio, d\u00e9nomm\u00e9e WIA FM. La c\u00e9r\u00e9monie d\u2019inauguration a \u00e9t\u00e9 pr\u00e9sid\u00e9e par le ministre, gouverneur, Augustin Thiam, en pr\u00e9sence des membres du conseil du district, de leaders religieux et des acteurs de la presse locale.<\/strong><\/p>\n<p>Install\u00e9e dans l\u2019un des b\u00e2timents annexes du District, au quartier 100 logements Gar\u00e7on, WIA FM \u00e9met sur la fr\u00e9quence 98.5 et couvre un rayon de 300 kilom\u00e8tres. Elle permet ainsi \u00e0 un vaste auditoire, allant au-del\u00e0 des sous-pr\u00e9fectures de Lolobo, Kossou, Atti\u00e9gouakro et Yamoussoukro, de capter ses \u00e9missions. Des villes comme Abidjan, Bouak\u00e9, Daloa, Katiola, Sinfra, Gagnoa, Dimbokro ou encore Bongouanou sont \u00e9galement concern\u00e9es.<\/p>\n<p><strong>Une radio au service du d\u00e9veloppement humain et culturel<\/strong><\/p>\n<p>Dans son allocution, le ministre Augustin Thiam a expliqu\u00e9 la symbolique du nom \u00ab WIA \u00bb, qui signifie \u00ab le soleil \u00bb en Baoul\u00e9. Ce nom, affectueusement attribu\u00e9 par Mamie F\u00eatai \u00e0 son fr\u00e8re cadet, le pr\u00e9sident  F\u00e9lix Houphou\u00ebt-Boigny, rend hommage \u00e0 celui que beaucoup consid\u00e8rent comme \u00ab le soleil de la C\u00f4te d\u2019Ivoire \u00bb. \u00ab J\u2019ai voulu que cette radio soit aussi un soleil qui brille dans le ciel de Yamoussoukro \u00bb, a d\u00e9clar\u00e9 le ministre, gouverneur.  Il a soulign\u00e9 que la cr\u00e9ation de cette radio est le fruit d\u2019un projet de longue date, port\u00e9 par la volont\u00e9 de former les administr\u00e9s, de valoriser la culture locale, et de mieux faire conna\u00eetre les actions du District. \u00ab D\u00e9velopper un district, ce n\u2019est pas seulement construire des ponts, des routes et des \u00e9coles. C\u2019est aussi d\u00e9velopper l\u2019homme \u00bb, a-t-il affirm\u00e9.  WIA FM se veut donc un outil de proximit\u00e9, d\u00e9di\u00e9 \u00e0 l\u2019\u00e9ducation citoyenne, \u00e0 la promotion de l\u2019histoire du pr\u00e9sident F\u00e9lix Houphou\u00ebt-Boigny, de l\u2019histoire  et des traditions Baoul\u00e9, et \u00e0 la vulgarisation des projets initi\u00e9s par le District. Des contes en langue locale, des \u00e9missions \u00e0 caract\u00e8re \u00e9ducatif, et des programmes culturels figurent parmi les contenus pr\u00e9vus.<\/p>\n<p><strong>Une radio non partisane et sans existence budg\u00e9taire pour l\u2019instant<\/strong><\/p>\n<p>Le gouverneur a tenu \u00e0 pr\u00e9ciser que WIA FM n\u2019est pas une radio politique : \u00ab Ce n\u2019est pas notre mission de couvrir toute l\u2019actualit\u00e9 nationale ni les d\u00e9bats politiques. Nous r\u00e9pondrons prioritairement aux besoins d\u2019information locale \u00bb, a-t-il insist\u00e9.<\/p>\n<p>Financ\u00e9e sur les fonds propres du District, la radio ne b\u00e9n\u00e9ficie pas encore d\u2019une ligne budg\u00e9taire sp\u00e9cifique. Malgr\u00e9 cela, les ambitions restent \u00e9lev\u00e9es : faire de WIA FM un instrument durable, que les futurs dirigeants du District pourront am\u00e9liorer et p\u00e9renniser. \u00ab L\u2019administration, c\u2019est la continuit\u00e9. Mon successeur devra am\u00e9liorer ce que j\u2019ai commenc\u00e9, pas tout effac\u00e9 \u00bb, a conclu le ministre  Augustin Thiam.<\/p>\n<p><strong>Harry Diallo depuis Yamoussoukro<\/strong><\/p>\n","protected":false},"excerpt":{"rendered":"<p>Le District Autonome de Yamoussoukro a franchi une \u00e9tape majeure dans sa politique de d\u00e9veloppement local avec le lancement officiel, le vendredi 27 juin 2025, de sa station de radio, d\u00e9nomm\u00e9e WIA FM. La c\u00e9r\u00e9monie d\u2019inauguration a \u00e9t\u00e9 pr\u00e9sid\u00e9e par le ministre, gouverneur, Augustin Thiam, en pr\u00e9sence des membres du conseil du district, de leaders [&hellip;]<\/p>\n","protected":false},"author":4,"featured_media":38967,"comment_status":"closed","ping_status":"closed","sticky":false,"template":"","format":"standard","meta":{"_monsterinsights_skip_tracking":false,"_monsterinsights_sitenote_active":false,"_monsterinsights_sitenote_note":"","_monsterinsights_sitenote_category":0,"footnotes":""},"categories":[2,3],"tags":[3077,5524,5525,5526,51],"class_list":["post-38966","post","type-post","status-publish","format-standard","has-post-thumbnail","hentry","category-featured","category-societe","tag-developpement-local","tag-le-district-autonome","tag-radio","tag-wia-fm","tag-yamoussoukro"],"_links":{"self":[{"href":"https:\/\/www.lintelligentdabidjan.info\/news\/wp-json\/wp\/v2\/posts\/38966","targetHints":{"allow":["GET"]}}],"collection":[{"href":"https:\/\/www.lintelligentdabidjan.info\/news\/wp-json\/wp\/v2\/posts"}],"about":[{"href":"https:\/\/www.lintelligentdabidjan.info\/news\/wp-json\/wp\/v2\/types\/post"}],"author":[{"embeddable":true,"href":"https:\/\/www.lintelligentdabidjan.info\/news\/wp-json\/wp\/v2\/users\/4"}],"replies":[{"embeddable":true,"href":"https:\/\/www.lintelligentdabidjan.info\/news\/wp-json\/wp\/v2\/comments?post=38966"}],"version-history":[{"count":1,"href":"https:\/\/www.lintelligentdabidjan.info\/news\/wp-json\/wp\/v2\/posts\/38966\/revisions"}],"predecessor-version":[{"id":38968,"href":"https:\/\/www.lintelligentdabidjan.info\/news\/wp-json\/wp\/v2\/posts\/38966\/revisions\/38968"}],"wp:featuredmedia":[{"embeddable":true,"href":"https:\/\/www.lintelligentdabidjan.info\/news\/wp-json\/wp\/v2\/media\/38967"}],"wp:attachment":[{"href":"https:\/\/www.lintelligentdabidjan.info\/news\/wp-json\/wp\/v2\/media?parent=38966"}],"wp:term":[{"taxonomy":"category","embeddable":true,"href":"https:\/\/www.lintelligentdabidjan.info\/news\/wp-json\/wp\/v2\/categories?post=38966"},{"taxonomy":"post_tag","embeddable":true,"href":"https:\/\/www.lintelligentdabidjan.info\/news\/wp-json\/wp\/v2\/tags?post=38966"}],"curies":[{"name":"wp","href":"https:\/\/api.w.org\/{rel}","templated":true}]}}