{"id":38975,"date":"2025-06-30T07:26:56","date_gmt":"2025-06-30T05:26:56","guid":{"rendered":"https:\/\/www.lintelligentdabidjan.info\/news\/?p=38975"},"modified":"2025-06-30T07:27:02","modified_gmt":"2025-06-30T05:27:02","slug":"bouake-le-comade-ado-lance-la-mobilisation-apres-le-2%e1%b5%89-congres-du-rhdp","status":"publish","type":"post","link":"https:\/\/www.lintelligentdabidjan.info\/news\/bouake-le-comade-ado-lance-la-mobilisation-apres-le-2%e1%b5%89-congres-du-rhdp\/","title":{"rendered":"Bouak\u00e9-   Le Comade-Ado lance la mobilisation apr\u00e8s le 2\u1d49 Congr\u00e8s du Rhdp"},"content":{"rendered":"<p><em><strong>Le Collectif des Mouvements et Associations pour le D\u00e9veloppement et l\u2019\u00c9mergence (Comade-Ado) a rassembl\u00e9 plusieurs centaines de personnes, le dimanche 29 juin 2025 \u00e0 Bouak\u00e9, lors d\u2019une grande r\u00e9union d\u2019information tenue \u00e0 la demande du ministre Amadou Kon\u00e9, d\u00e9put\u00e9-maire de la commune.<\/strong><\/em><\/p>\n<p>Cette rencontre, plac\u00e9e sous la pr\u00e9sidence de Sidi Mohamed Fama Traor\u00e9, pr\u00e9sident national du Comade-Ado, a vis\u00e9 \u00e0 restituer les principales r\u00e9solutions issues du 2\u1d49 Congr\u00e8s ordinaire du Rassemblement des Houphou\u00ebtistes pour la D\u00e9mocratie et la Paix (Rhdp), tenu les 21 et 22 juin 2025 \u00e0 Abidjan.<\/p>\n<p>Devant les responsables des associations f\u00e9minines affili\u00e9es et les repr\u00e9sentants des diff\u00e9rentes sections locales, Traor\u00e9 a r\u00e9affirm\u00e9 l\u2019engagement du collectif \u00e0 soutenir pleinement la ligne politique trac\u00e9e par le parti au pouvoir. \u00ab Il \u00e9tait essentiel pour nous de revenir vers notre base pour expliquer les grandes d\u00e9cisions adopt\u00e9es lors du congr\u00e8s. Nous devons d\u00e9sormais nous mobiliser pour r\u00e9pondre \u00e0 l\u2019appel lanc\u00e9 \u00e0 Son Excellence Alassane Ouattara, afin qu\u2019il accepte d\u2019\u00eatre candidat \u00e0 la prochaine \u00e9lection pr\u00e9sidentielle \u00bb, a-t-il d\u00e9clar\u00e9.<\/p>\n<p>L\u2019appel \u00e0 l\u2019unit\u00e9, \u00e0 la discipline et \u00e0 l\u2019engagement militant a \u00e9t\u00e9 largement salu\u00e9 par les participants, qui ont exprim\u00e9 leur enti\u00e8re adh\u00e9sion \u00e0 la vision du Pr\u00e9sident du parti et \u00e0 la strat\u00e9gie de victoire d\u00e8s le premier tour.<\/p>\n<p>Dans cette dynamique, le pr\u00e9sident du Comade-Ado a annonc\u00e9 le lancement, \u00e0 compter du 1er juillet 2025, d\u2019une vaste campagne de mobilisation sur le terrain dans toutes les sections. Cette nouvelle phase d\u2019activit\u00e9s vise \u00e0 renforcer la pr\u00e9sence du RHDP dans les quartiers et villages, en vue de pr\u00e9parer efficacement les \u00e9ch\u00e9ances \u00e9lectorales \u00e0 venir.<\/p>\n<p><strong>Nambac\u00e9r\u00e9 Jo\u00ebl <\/strong><\/p>\n","protected":false},"excerpt":{"rendered":"<p>Le Collectif des Mouvements et Associations pour le D\u00e9veloppement et l\u2019\u00c9mergence (Comade-Ado) a rassembl\u00e9 plusieurs centaines de personnes, le dimanche 29 juin 2025 \u00e0 Bouak\u00e9, lors d\u2019une grande r\u00e9union d\u2019information tenue \u00e0 la demande du ministre Amadou Kon\u00e9, d\u00e9put\u00e9-maire de la commune. Cette rencontre, plac\u00e9e sous la pr\u00e9sidence de Sidi Mohamed Fama Traor\u00e9, pr\u00e9sident national [&hellip;]<\/p>\n","protected":false},"author":4,"featured_media":38976,"comment_status":"closed","ping_status":"closed","sticky":false,"template":"","format":"standard","meta":{"_monsterinsights_skip_tracking":false,"_monsterinsights_sitenote_active":false,"_monsterinsights_sitenote_note":"","_monsterinsights_sitenote_category":0,"footnotes":""},"categories":[2,17],"tags":[5533,125,5532,2425],"class_list":["post-38975","post","type-post","status-publish","format-standard","has-post-thumbnail","hentry","category-featured","category-politique","tag-2-congres-du-rhdp","tag-bouake","tag-le-comade-ado","tag-mobilisation"],"_links":{"self":[{"href":"https:\/\/www.lintelligentdabidjan.info\/news\/wp-json\/wp\/v2\/posts\/38975","targetHints":{"allow":["GET"]}}],"collection":[{"href":"https:\/\/www.lintelligentdabidjan.info\/news\/wp-json\/wp\/v2\/posts"}],"about":[{"href":"https:\/\/www.lintelligentdabidjan.info\/news\/wp-json\/wp\/v2\/types\/post"}],"author":[{"embeddable":true,"href":"https:\/\/www.lintelligentdabidjan.info\/news\/wp-json\/wp\/v2\/users\/4"}],"replies":[{"embeddable":true,"href":"https:\/\/www.lintelligentdabidjan.info\/news\/wp-json\/wp\/v2\/comments?post=38975"}],"version-history":[{"count":1,"href":"https:\/\/www.lintelligentdabidjan.info\/news\/wp-json\/wp\/v2\/posts\/38975\/revisions"}],"predecessor-version":[{"id":38977,"href":"https:\/\/www.lintelligentdabidjan.info\/news\/wp-json\/wp\/v2\/posts\/38975\/revisions\/38977"}],"wp:featuredmedia":[{"embeddable":true,"href":"https:\/\/www.lintelligentdabidjan.info\/news\/wp-json\/wp\/v2\/media\/38976"}],"wp:attachment":[{"href":"https:\/\/www.lintelligentdabidjan.info\/news\/wp-json\/wp\/v2\/media?parent=38975"}],"wp:term":[{"taxonomy":"category","embeddable":true,"href":"https:\/\/www.lintelligentdabidjan.info\/news\/wp-json\/wp\/v2\/categories?post=38975"},{"taxonomy":"post_tag","embeddable":true,"href":"https:\/\/www.lintelligentdabidjan.info\/news\/wp-json\/wp\/v2\/tags?post=38975"}],"curies":[{"name":"wp","href":"https:\/\/api.w.org\/{rel}","templated":true}]}}