{"id":39012,"date":"2025-07-01T02:47:01","date_gmt":"2025-07-01T00:47:01","guid":{"rendered":"https:\/\/www.lintelligentdabidjan.info\/news\/?p=39012"},"modified":"2025-07-01T02:47:27","modified_gmt":"2025-07-01T00:47:27","slug":"lintelligent-en-pdf-batir-un-nouveau-pacte-financier-mondial-lappel-de-la-cote-divoire-a-seville%e2%80%a8%e2%80%a8","status":"publish","type":"post","link":"https:\/\/www.lintelligentdabidjan.info\/news\/lintelligent-en-pdf-batir-un-nouveau-pacte-financier-mondial-lappel-de-la-cote-divoire-a-seville%e2%80%a8%e2%80%a8\/","title":{"rendered":"L\u2019Intelligent en PDF :     B\u00e2tir un nouveau pacte financier mondial     L&#8217;appel de la C\u00f4te d\u2019Ivoire \u00e0 S\u00e9ville\u2028\u2028"},"content":{"rendered":"<p><strong>L&#8217;appel de la C\u00f4te d\u2019Ivoire \u00e0 S\u00e9ville pour b\u00e2tir un nouveau pacte financier mondial.<\/strong><\/p>\n<p>\u00c0 la tribune de la 4\u1d49 Conf\u00e9rence des Nations Unies sur le financement du d\u00e9veloppement, le Vice-Pr\u00e9sident de la C\u00f4te d\u2019Ivoire, Ti\u00e9moko Meyliet Kon\u00e9, a plaid\u00e9 pour une refonte en profondeur de l\u2019architecture financi\u00e8re internationale. Dans un contexte mondial marqu\u00e9 par les crises et la fragilisation des \u00e9conomies, il a appel\u00e9 \u00e0 b\u00e2tir un nouveau pacte financier mondial, plus juste et plus adapt\u00e9 aux r\u00e9alit\u00e9s des pays les moins avanc\u00e9s. Qu\u2019est ce que le Vice-Pr\u00e9sident Ti\u00e9moko Meyliet Kon\u00e9 a dit ?<\/p>\n<p>Article \u00e0 d\u00e9couvrir dans vos kiosques et en ligne sur\u2026<\/p>\n<p><a href=\"https:\/\/news.abidjan.net\/titrologie\/39-lintelligent-dabidjan\/articles\" target=\"_blank\">https:\/\/news.abidjan.net\/titrologie\/39-lintelligent-dabidjan\/articles<\/a><\/p>\n<p>\u00c0 lire aussi Cimeti\u00e8res et indemnisation, entre la CC-PTUA et la famille Ohouochi, qui cache la v\u00e9rit\u00e9 sur la Y4 \u2028\u2028, Ce que Bictogo a dit hier \u00e0 l\u2019Assembl\u00e9e nationale apr\u00e8s le boycott du PDCI , Bl\u00e9 Goud\u00e9 \u00e0 Paris se dit victime de m\u00e9chancet\u00e9, la protection des \u00e2nes en C\u00f4te d&#8217;Ivoire, une priorit\u00e9 nationale selon Sidi Tour\u00e9, Ce qui a \u00e9t\u00e9 d\u00e9cid\u00e9 sur les paris sportifs \u00e0 l\u2019 AG de la FIF.<\/p>\n<p>Cliquez pour les d\u00e9tails<\/p>\n<p><a href=\"https:\/\/www.afrikipresse.fr\/abonnement\" target=\"_blank\">https:\/\/www.afrikipresse.fr\/abonnement<\/a><\/p>\n<p>\u00c0 voir \u00e9galement Le message de Farikou Soumahoro, PCA de la F\u00e9d\u00e9ration des commer\u00e7ants sur le pr\u00e9sident Ouattara et Billon promeut le Nationalisme \u00e9conomique \u00e0 la pr\u00e9sidentielle 2025.<\/p>\n<p><a href=\"https:\/\/www.pressecotedivoire.fr\/titrologie\" target=\"_blank\">https:\/\/www.pressecotedivoire.fr\/titrologie<\/a><\/p>\n","protected":false},"excerpt":{"rendered":"<p>L&#8217;appel de la C\u00f4te d\u2019Ivoire \u00e0 S\u00e9ville pour b\u00e2tir un nouveau pacte financier mondial. \u00c0 la tribune de la 4\u1d49 Conf\u00e9rence des Nations Unies sur le financement du d\u00e9veloppement, le Vice-Pr\u00e9sident de la C\u00f4te d\u2019Ivoire, Ti\u00e9moko Meyliet Kon\u00e9, a plaid\u00e9 pour une refonte en profondeur de l\u2019architecture financi\u00e8re internationale. Dans un contexte mondial marqu\u00e9 par [&hellip;]<\/p>\n","protected":false},"author":4,"featured_media":39013,"comment_status":"closed","ping_status":"closed","sticky":false,"template":"","format":"standard","meta":{"_monsterinsights_skip_tracking":false,"_monsterinsights_sitenote_active":false,"_monsterinsights_sitenote_note":"","_monsterinsights_sitenote_category":0,"footnotes":""},"categories":[2,3],"tags":[],"class_list":["post-39012","post","type-post","status-publish","format-standard","has-post-thumbnail","hentry","category-featured","category-societe"],"_links":{"self":[{"href":"https:\/\/www.lintelligentdabidjan.info\/news\/wp-json\/wp\/v2\/posts\/39012","targetHints":{"allow":["GET"]}}],"collection":[{"href":"https:\/\/www.lintelligentdabidjan.info\/news\/wp-json\/wp\/v2\/posts"}],"about":[{"href":"https:\/\/www.lintelligentdabidjan.info\/news\/wp-json\/wp\/v2\/types\/post"}],"author":[{"embeddable":true,"href":"https:\/\/www.lintelligentdabidjan.info\/news\/wp-json\/wp\/v2\/users\/4"}],"replies":[{"embeddable":true,"href":"https:\/\/www.lintelligentdabidjan.info\/news\/wp-json\/wp\/v2\/comments?post=39012"}],"version-history":[{"count":1,"href":"https:\/\/www.lintelligentdabidjan.info\/news\/wp-json\/wp\/v2\/posts\/39012\/revisions"}],"predecessor-version":[{"id":39014,"href":"https:\/\/www.lintelligentdabidjan.info\/news\/wp-json\/wp\/v2\/posts\/39012\/revisions\/39014"}],"wp:featuredmedia":[{"embeddable":true,"href":"https:\/\/www.lintelligentdabidjan.info\/news\/wp-json\/wp\/v2\/media\/39013"}],"wp:attachment":[{"href":"https:\/\/www.lintelligentdabidjan.info\/news\/wp-json\/wp\/v2\/media?parent=39012"}],"wp:term":[{"taxonomy":"category","embeddable":true,"href":"https:\/\/www.lintelligentdabidjan.info\/news\/wp-json\/wp\/v2\/categories?post=39012"},{"taxonomy":"post_tag","embeddable":true,"href":"https:\/\/www.lintelligentdabidjan.info\/news\/wp-json\/wp\/v2\/tags?post=39012"}],"curies":[{"name":"wp","href":"https:\/\/api.w.org\/{rel}","templated":true}]}}