{"id":39052,"date":"2025-07-03T07:16:01","date_gmt":"2025-07-03T05:16:01","guid":{"rendered":"https:\/\/www.lintelligentdabidjan.info\/news\/?p=39052"},"modified":"2025-07-03T07:16:05","modified_gmt":"2025-07-03T05:16:05","slug":"foret-de-la-djibi-le-collectif-des-attributaires-demande-le-respect-de-leurs-droits","status":"publish","type":"post","link":"https:\/\/www.lintelligentdabidjan.info\/news\/foret-de-la-djibi-le-collectif-des-attributaires-demande-le-respect-de-leurs-droits\/","title":{"rendered":"For\u00eat de la Djibi-  Le collectif des attributaires demande le respect de leurs droits"},"content":{"rendered":"<p><em><strong>Le Collectif des familles attributaires de la for\u00eat de la Djibi (Cafod) a tenu un point de presse le samedi 28 juin 2025 \u00e0 Djorogobit\u00e9, dans la commune de Cocody-Angr\u00e9 , selon une note re\u00e7ue .<\/strong><\/em><\/p>\n<p> \u00c0 cette occasion, le porte-parole du collectif, Ren\u00e9 Pont\u00e9 Keletigui, a exprim\u00e9 la position du collectif  dans le but d\u2019\u00e9viter une \u00e9ventuelle crise fonci\u00e8re. Les familles r\u00e9clament la reconnaissance de leurs droits d\u2019usage sur plus de 1 000 hectares de terres aujourd\u2019hui convoit\u00e9es par des programmes de logements sociaux.<\/p>\n<p>Le collectif s\u2019est dit pr\u00e9occup\u00e9 par l\u2019avanc\u00e9e de projets immobiliers sur ces terres historiquement affect\u00e9es \u00e0 des fins agricoles.<\/p>\n<p>\u00ab Nous ne nous opposons pas au d\u00e9veloppement ni \u00e0 la politique de logements sociaux, mais nous r\u00e9clamons le respect des proc\u00e9dures l\u00e9gales, notamment la purge pr\u00e9alable des droits d\u2019usage sur nos parcelles, avant toute affectation \u00e0 des op\u00e9rateurs immobiliers \u00bb, a d\u00e9clar\u00e9 Ren\u00e9 Pont\u00e9 Keletigui.<\/p>\n<p>Ces terres, d\u2019une superficie de 1 042 hectares, ont \u00e9t\u00e9 attribu\u00e9es en 1968 \u00e0 48 familles ivoiriennes dans le cadre d\u2019un programme national de promotion de l\u2019investissement agricole. Exploit\u00e9es principalement en plantations de palmiers \u00e0 huile, elles l\u2019ont \u00e9t\u00e9 sous la supervision de l\u2019\u00c9tat, conform\u00e9ment aux engagements contractuels. Les familles affirment avoir respect\u00e9 leurs obligations, qui pr\u00e9voyaient une acquisition progressive des terres selon les textes en vigueur.<\/p>\n<p>Aujourd\u2019hui, alors que plus de 3 600 logements sont annonc\u00e9s sur une partie de ce site, le Cafod alerte sur le non-respect des \u00e9tapes pr\u00e9vues par la loi. Le collectif insiste sur la n\u00e9cessit\u00e9 d\u2019une enqu\u00eate publique pr\u00e9alable afin d\u2019identifier les d\u00e9tenteurs l\u00e9gitimes, garantir une indemnisation juste et s\u00e9curiser juridiquement les projets.<\/p>\n<p>\u00ab Depuis 2013, nous avons transmis aux autorit\u00e9s comp\u00e9tentes l\u2019ensemble des documents prouvant nos droits et retra\u00e7ant l\u2019historique du site, dans un esprit de dialogue et de recherche de solutions \u00bb, a rappel\u00e9 Ren\u00e9 Pont\u00e9 Keletigui.<\/p>\n<p>Le Cafod se dit ouvert \u00e0 la concertation pour parvenir \u00e0 une solution conforme aux textes l\u00e9gislatifs et r\u00e9glementaires, permettant \u00e0 l\u2019\u00c9tat de mettre en \u0153uvre sa politique de logements sociaux, tout en respectant les droits des attributaires.<\/p>\n<p>\u00ab Il ne s\u2019agit pas d\u2019un conflit foncier classique, mais d\u2019une demande l\u00e9gitime d\u2019application de la loi. C\u2019est \u00e0 cette condition que les souscripteurs de ces logements pourront devenir propri\u00e9taires en toute s\u00e9curit\u00e9 juridique \u00bb, a conclu le porte-parole.<\/p>\n<p>Ren\u00e9 Pont\u00e9 Keletigui \u00e9tait accompagn\u00e9 notamment de Morel Dally, juriste, et de Lassana Karamoko, pr\u00e9sident du conseil d\u2019administration de l\u2019entreprise EOX Nouvelle, mandataire l\u00e9gal du Cafod.<\/p>\n<p><strong>Olivier Dion avec G\u00e9rard Batoua <\/strong><\/p>\n","protected":false},"excerpt":{"rendered":"<p>Le Collectif des familles attributaires de la for\u00eat de la Djibi (Cafod) a tenu un point de presse le samedi 28 juin 2025 \u00e0 Djorogobit\u00e9, dans la commune de Cocody-Angr\u00e9 , selon une note re\u00e7ue . \u00c0 cette occasion, le porte-parole du collectif, Ren\u00e9 Pont\u00e9 Keletigui, a exprim\u00e9 la position du collectif dans le but [&hellip;]<\/p>\n","protected":false},"author":4,"featured_media":39053,"comment_status":"closed","ping_status":"closed","sticky":false,"template":"","format":"standard","meta":{"_monsterinsights_skip_tracking":false,"_monsterinsights_sitenote_active":false,"_monsterinsights_sitenote_note":"","_monsterinsights_sitenote_category":0,"footnotes":""},"categories":[2,3],"tags":[5584,4222,5583,5465],"class_list":["post-39052","post","type-post","status-publish","format-standard","has-post-thumbnail","hentry","category-featured","category-societe","tag-attributaires","tag-droits","tag-foret-de-la-djibi","tag-le-collectif"],"_links":{"self":[{"href":"https:\/\/www.lintelligentdabidjan.info\/news\/wp-json\/wp\/v2\/posts\/39052","targetHints":{"allow":["GET"]}}],"collection":[{"href":"https:\/\/www.lintelligentdabidjan.info\/news\/wp-json\/wp\/v2\/posts"}],"about":[{"href":"https:\/\/www.lintelligentdabidjan.info\/news\/wp-json\/wp\/v2\/types\/post"}],"author":[{"embeddable":true,"href":"https:\/\/www.lintelligentdabidjan.info\/news\/wp-json\/wp\/v2\/users\/4"}],"replies":[{"embeddable":true,"href":"https:\/\/www.lintelligentdabidjan.info\/news\/wp-json\/wp\/v2\/comments?post=39052"}],"version-history":[{"count":1,"href":"https:\/\/www.lintelligentdabidjan.info\/news\/wp-json\/wp\/v2\/posts\/39052\/revisions"}],"predecessor-version":[{"id":39054,"href":"https:\/\/www.lintelligentdabidjan.info\/news\/wp-json\/wp\/v2\/posts\/39052\/revisions\/39054"}],"wp:featuredmedia":[{"embeddable":true,"href":"https:\/\/www.lintelligentdabidjan.info\/news\/wp-json\/wp\/v2\/media\/39053"}],"wp:attachment":[{"href":"https:\/\/www.lintelligentdabidjan.info\/news\/wp-json\/wp\/v2\/media?parent=39052"}],"wp:term":[{"taxonomy":"category","embeddable":true,"href":"https:\/\/www.lintelligentdabidjan.info\/news\/wp-json\/wp\/v2\/categories?post=39052"},{"taxonomy":"post_tag","embeddable":true,"href":"https:\/\/www.lintelligentdabidjan.info\/news\/wp-json\/wp\/v2\/tags?post=39052"}],"curies":[{"name":"wp","href":"https:\/\/api.w.org\/{rel}","templated":true}]}}