{"id":39072,"date":"2025-07-07T07:17:11","date_gmt":"2025-07-07T05:17:11","guid":{"rendered":"https:\/\/www.lintelligentdabidjan.info\/news\/?p=39072"},"modified":"2025-07-07T07:17:19","modified_gmt":"2025-07-07T05:17:19","slug":"lancement-du-programme-thimo-2025-les-conseils-de-kandia-camara-aux-beneficiaires","status":"publish","type":"post","link":"https:\/\/www.lintelligentdabidjan.info\/news\/lancement-du-programme-thimo-2025-les-conseils-de-kandia-camara-aux-beneficiaires\/","title":{"rendered":"Lancement du programme THIMO 2025-  Les conseils de Kandia Camara  aux b\u00e9n\u00e9ficiaires"},"content":{"rendered":"<p><strong>Les conseils de Kandia Camara aux   b\u00e9n\u00e9ficiaires du  programme THIMO 2025 . <\/strong><\/p>\n<p>Le vendredi 4 juillet 2025, la salle des f\u00eates de la mairie d\u2019Abobo a accueilli la c\u00e9r\u00e9monie de lancement du programme THIMO (Travaux \u00e0 Haute Intensit\u00e9 de Main-d\u2019\u0152uvre), \u00e9dition 2025. Pr\u00e9sid\u00e9e par Kandia Camara, maire d\u2019Abobo et pr\u00e9sidente du S\u00e9nat, en pr\u00e9sence de Ibrahima Dosso, directeur de Cabinet, repr\u00e9sentant le ministre de la Promotion de la Jeunesse, de l\u2019Insertion professionnelle et du Service civique, cette rencontre a r\u00e9uni de nombreux jeunes, des \u00e9lus locaux ainsi que des partenaires institutionnels.<\/p>\n<p>\u00c0 cette occasion, Kandia Camara a soulign\u00e9 la port\u00e9e sociale et inclusive du programme THIMO, qu\u2019elle a qualifi\u00e9 de politique sociale de proximit\u00e9. Orient\u00e9 principalement vers les jeunes, les femmes et les populations vuln\u00e9rables, ce programme est selon elle la preuve que l\u2019\u00c9tat a fait le choix de l\u2019action concr\u00e8te, du d\u00e9veloppement local inclusif et du renforcement de la dignit\u00e9 par le travail.<\/p>\n<p>La pr\u00e9sidente du S\u00e9nat a \u00e9galement insist\u00e9 sur l\u2019importance symbolique du lancement \u00e0 Abobo, une commune qu\u2019elle a d\u00e9crite comme jeune, populaire, engag\u00e9e et pleine d\u2019avenir. Elle a rappel\u00e9 que 2025 a \u00e9t\u00e9 d\u00e9clar\u00e9e &#8220;ann\u00e9e du civisme, de la salubrit\u00e9 et de la lutte contre le d\u00e9sordre urbain&#8221;, faisant du programme THIMO un levier pour transformer durablement le cadre de vie de la commune. Le programme ne se limite pas \u00e0 des emplois temporaires. Il s\u2019inscrit dans une d\u00e9marche d\u2019insertion durable \u00e0 travers la formation, l\u2019encadrement et l\u2019apprentissage. \u00ab Le THIMO n\u2019est pas un guichet. C\u2019est une \u00e9cole du vivre ensemble et de la citoyennet\u00e9 active \u00bb, a d\u00e9clar\u00e9 Kandia Camara, encourageant les jeunes b\u00e9n\u00e9ficiaires \u00e0 faire preuve d\u2019assiduit\u00e9, de discipline et de responsabilit\u00e9. Au terme des six mois de travaux, chaque b\u00e9n\u00e9ficiaire recevra une prime de 120 000 francs CFA pour initier une Activit\u00e9 G\u00e9n\u00e9ratrice de Revenus (AGR), en plus d\u2019une r\u00e9mun\u00e9ration mensuelle de 35 000 francs CFA.<\/p>\n<p><strong>200 jeunes d&#8217;Abobo concern\u00e9s<\/strong><\/p>\n<p>De son c\u00f4t\u00e9, Ibrahima Dosso, au nom du ministre Mamadou Tour\u00e9, a exprim\u00e9 la reconnaissance du minist\u00e8re de la promotion de la jeunesse envers les autorit\u00e9s locales, notamment la pr\u00e9sidente du S\u00e9nat, pour leur mobilisation en faveur de la jeunesse ivoirienne. Il a rappel\u00e9 que \u00ab le programme THIMO 2025 mobilisera 18 099 jeunes sur tout le territoire national, dont 200 jeunes sp\u00e9cifiquement \u00e0 Abobo, pour un budget local de 130 millions de francs CFA. \u00bb Ibrahima Dosso a insist\u00e9 sur le caract\u00e8re inclusif du programme, qui cible en priorit\u00e9 les jeunes d\u00e9scolaris\u00e9s, peu ou pas alphab\u00e9tis\u00e9s, souvent \u00e9loign\u00e9s du march\u00e9 de l\u2019emploi. \u00ab Ces jeunes acqui\u00e8rent non seulement des comp\u00e9tences techniques mais aussi des aptitudes essentielles pour une insertion durable \u00bb, a-t-il indiqu\u00e9. Les travaux r\u00e9alis\u00e9s dans le cadre du THIMO concernent des actions d\u2019int\u00e9r\u00eat collectif telles que le curage des caniveaux, le ramassage d\u2019ordures, l\u2019entretien des espaces verts, des pistes rurales et des plages. Le programme vise aussi \u00e0 respecter une parit\u00e9 de genre avec un objectif de 50 % de femmes b\u00e9n\u00e9ficiaires, tout en incluant les personnes en situation de handicap. L\u2019\u00e9v\u00e9nement a \u00e9t\u00e9 marqu\u00e9 par une remise symbolique de mat\u00e9riel de travail aux b\u00e9n\u00e9ficiaires.<\/p>\n<p><strong>Mamadou Ouattara avec Ly Abdul <\/strong><\/p>\n","protected":false},"excerpt":{"rendered":"<p>Les conseils de Kandia Camara aux b\u00e9n\u00e9ficiaires du programme THIMO 2025 . Le vendredi 4 juillet 2025, la salle des f\u00eates de la mairie d\u2019Abobo a accueilli la c\u00e9r\u00e9monie de lancement du programme THIMO (Travaux \u00e0 Haute Intensit\u00e9 de Main-d\u2019\u0152uvre), \u00e9dition 2025. Pr\u00e9sid\u00e9e par Kandia Camara, maire d\u2019Abobo et pr\u00e9sidente du S\u00e9nat, en pr\u00e9sence de [&hellip;]<\/p>\n","protected":false},"author":4,"featured_media":39073,"comment_status":"closed","ping_status":"closed","sticky":false,"template":"","format":"standard","meta":{"_monsterinsights_skip_tracking":false,"_monsterinsights_sitenote_active":false,"_monsterinsights_sitenote_note":"","_monsterinsights_sitenote_category":0,"footnotes":""},"categories":[2,3],"tags":[3635,336,2221,5591,2918,5590],"class_list":["post-39072","post","type-post","status-publish","format-standard","has-post-thumbnail","hentry","category-featured","category-societe","tag-beneficiaires","tag-kandia-camara","tag-lancement","tag-les-conseils","tag-programme","tag-thimo-2025"],"_links":{"self":[{"href":"https:\/\/www.lintelligentdabidjan.info\/news\/wp-json\/wp\/v2\/posts\/39072","targetHints":{"allow":["GET"]}}],"collection":[{"href":"https:\/\/www.lintelligentdabidjan.info\/news\/wp-json\/wp\/v2\/posts"}],"about":[{"href":"https:\/\/www.lintelligentdabidjan.info\/news\/wp-json\/wp\/v2\/types\/post"}],"author":[{"embeddable":true,"href":"https:\/\/www.lintelligentdabidjan.info\/news\/wp-json\/wp\/v2\/users\/4"}],"replies":[{"embeddable":true,"href":"https:\/\/www.lintelligentdabidjan.info\/news\/wp-json\/wp\/v2\/comments?post=39072"}],"version-history":[{"count":1,"href":"https:\/\/www.lintelligentdabidjan.info\/news\/wp-json\/wp\/v2\/posts\/39072\/revisions"}],"predecessor-version":[{"id":39074,"href":"https:\/\/www.lintelligentdabidjan.info\/news\/wp-json\/wp\/v2\/posts\/39072\/revisions\/39074"}],"wp:featuredmedia":[{"embeddable":true,"href":"https:\/\/www.lintelligentdabidjan.info\/news\/wp-json\/wp\/v2\/media\/39073"}],"wp:attachment":[{"href":"https:\/\/www.lintelligentdabidjan.info\/news\/wp-json\/wp\/v2\/media?parent=39072"}],"wp:term":[{"taxonomy":"category","embeddable":true,"href":"https:\/\/www.lintelligentdabidjan.info\/news\/wp-json\/wp\/v2\/categories?post=39072"},{"taxonomy":"post_tag","embeddable":true,"href":"https:\/\/www.lintelligentdabidjan.info\/news\/wp-json\/wp\/v2\/tags?post=39072"}],"curies":[{"name":"wp","href":"https:\/\/api.w.org\/{rel}","templated":true}]}}