{"id":39075,"date":"2025-07-07T07:20:20","date_gmt":"2025-07-07T05:20:20","guid":{"rendered":"https:\/\/www.lintelligentdabidjan.info\/news\/?p=39075"},"modified":"2025-07-07T07:20:20","modified_gmt":"2025-07-07T05:20:20","slug":"vacances-2025-a-bouake-le-fonajci-lance-des-journees-culturelles-et-sportives","status":"publish","type":"post","link":"https:\/\/www.lintelligentdabidjan.info\/news\/vacances-2025-a-bouake-le-fonajci-lance-des-journees-culturelles-et-sportives\/","title":{"rendered":"Vacances 2025  \u00e0 Bouak\u00e9-  Le Fonajci lance des Journ\u00e9es culturelles et sportives"},"content":{"rendered":"<p><strong>Le Forum National des Jeunes pour la C\u00f4te d\u2019Ivoire (FONAJCI) a proc\u00e9d\u00e9, le samedi 5 juillet 2025, au lancement officiel de la premi\u00e8re \u00e9dition des Journ\u00e9es culturelles et sportives d\u00e9nomm\u00e9es \u00ab La Jouvence Bouak\u00e9 2025 \u00bb. L\u2019\u00e9v\u00e9nement s\u2019est ouvert au complexe sportif Henri Poincar\u00e9 de Bouak\u00e9.<\/strong><\/p>\n<p>Plac\u00e9e sous le signe de la paix sociale et de l\u2019engagement citoyen, cette initiative vise \u00e0 offrir un cadre d\u2019\u00e9panouissement aux jeunes de la ville pendant la p\u00e9riode des grandes vacances, tout en les sensibilisant sur les enjeux de la coh\u00e9sion sociale, particuli\u00e8rement en p\u00e9riode \u00e9lectorale.<\/p>\n<p>\u00ab C\u2019est une activit\u00e9 100 % jeunes qui vise \u00e0 cr\u00e9er de l\u2019ambiance durant les vacances. \u00c0 cette p\u00e9riode, de nombreux \u00e9l\u00e8ves et \u00e9tudiants affluent dans la ville. Le FONAJCI souhaite leur offrir un espace d\u2019expression, de d\u00e9tente et de sensibilisation \u00bb, a expliqu\u00e9 Konan Yao Guillaume Arnold, pr\u00e9sident de l\u2019organisation.<\/p>\n<p>Il a par ailleurs soulign\u00e9 que ces journ\u00e9es seront ponctu\u00e9es d\u2019activit\u00e9s ludiques et citoyennes pour maintenir les jeunes engag\u00e9s et responsables.<\/p>\n<p>\u00ab Nous allons v\u00e9hiculer des messages de paix \u00e0 travers toutes les activit\u00e9s pr\u00e9vues. L\u2019objectif est de faire de cette p\u00e9riode une opportunit\u00e9 d\u2019\u00e9veil et de coh\u00e9sion \u00bb, a-t-il ajout\u00e9.<\/p>\n<p>Durant un mois, La Jouvence Bouak\u00e9 2025 proposera une riche programmation : marathon, concours de Miss Projet, concours de danse, slam, entre autres, dans l\u2019objectif de r\u00e9v\u00e9ler les talents locaux et d\u2019encourager une jeunesse active et impliqu\u00e9e dans le d\u00e9veloppement de sa communaut\u00e9.<\/p>\n<p>Pr\u00e9sent \u00e0 la c\u00e9r\u00e9monie d\u2019ouverture, Kpl\u00e9 Firmin, repr\u00e9sentant du parrain de l\u2019\u00e9v\u00e9nement, Dr Kouakou Marcelin, responsable des \u00e9tablissements Henri Poincar\u00e9, a salu\u00e9 l\u2019initiative.<\/p>\n<p>\u00ab C\u2019est un tr\u00e8s bon cadre pour f\u00e9d\u00e9rer la jeunesse autour des valeurs de responsabilit\u00e9 et de civisme. Le sport, notamment le football, est un puissant vecteur de coh\u00e9sion. Il est de notre devoir d\u2019accompagner cette jeunesse, qui est appel\u00e9e \u00e0 \u00eatre la rel\u00e8ve de demain \u00bb, a-t-il affirm\u00e9.<\/p>\n<p>Il a \u00e9galement invit\u00e9 les participants au respect des r\u00e8gles et au fair-play, surtout en cette p\u00e9riode pr\u00e9\u00e9lectorale.<\/p>\n<p>Le coup d\u2019envoi de cette premi\u00e8re \u00e9dition a \u00e9t\u00e9 donn\u00e9 avec le lancement d\u2019un tournoi de Maracana, regroupant 32 \u00e9quipes r\u00e9parties en 8 poules. Le match d\u2019ouverture a oppos\u00e9 les \u00e9quipes d\u2019Oli\u00e9nou et de N\u2019Gattakro, avec une victoire 2-0 en faveur de cette derni\u00e8re.<\/p>\n<p><strong>Nambac\u00e9r\u00e9 Jo\u00ebl <\/strong><\/p>\n","protected":false},"excerpt":{"rendered":"<p>Le Forum National des Jeunes pour la C\u00f4te d\u2019Ivoire (FONAJCI) a proc\u00e9d\u00e9, le samedi 5 juillet 2025, au lancement officiel de la premi\u00e8re \u00e9dition des Journ\u00e9es culturelles et sportives d\u00e9nomm\u00e9es \u00ab La Jouvence Bouak\u00e9 2025 \u00bb. L\u2019\u00e9v\u00e9nement s\u2019est ouvert au complexe sportif Henri Poincar\u00e9 de Bouak\u00e9. Plac\u00e9e sous le signe de la paix sociale et [&hellip;]<\/p>\n","protected":false},"author":4,"featured_media":39076,"comment_status":"closed","ping_status":"closed","sticky":false,"template":"","format":"standard","meta":{"_monsterinsights_skip_tracking":false,"_monsterinsights_sitenote_active":false,"_monsterinsights_sitenote_note":"","_monsterinsights_sitenote_category":0,"footnotes":""},"categories":[2,3,23],"tags":[125,5594,5593,500,5592],"class_list":["post-39075","post","type-post","status-publish","format-standard","has-post-thumbnail","hentry","category-featured","category-societe","category-sport","tag-bouake","tag-journees-culturelles","tag-le-fonajci","tag-sportives","tag-vacances-2025"],"_links":{"self":[{"href":"https:\/\/www.lintelligentdabidjan.info\/news\/wp-json\/wp\/v2\/posts\/39075","targetHints":{"allow":["GET"]}}],"collection":[{"href":"https:\/\/www.lintelligentdabidjan.info\/news\/wp-json\/wp\/v2\/posts"}],"about":[{"href":"https:\/\/www.lintelligentdabidjan.info\/news\/wp-json\/wp\/v2\/types\/post"}],"author":[{"embeddable":true,"href":"https:\/\/www.lintelligentdabidjan.info\/news\/wp-json\/wp\/v2\/users\/4"}],"replies":[{"embeddable":true,"href":"https:\/\/www.lintelligentdabidjan.info\/news\/wp-json\/wp\/v2\/comments?post=39075"}],"version-history":[{"count":1,"href":"https:\/\/www.lintelligentdabidjan.info\/news\/wp-json\/wp\/v2\/posts\/39075\/revisions"}],"predecessor-version":[{"id":39077,"href":"https:\/\/www.lintelligentdabidjan.info\/news\/wp-json\/wp\/v2\/posts\/39075\/revisions\/39077"}],"wp:featuredmedia":[{"embeddable":true,"href":"https:\/\/www.lintelligentdabidjan.info\/news\/wp-json\/wp\/v2\/media\/39076"}],"wp:attachment":[{"href":"https:\/\/www.lintelligentdabidjan.info\/news\/wp-json\/wp\/v2\/media?parent=39075"}],"wp:term":[{"taxonomy":"category","embeddable":true,"href":"https:\/\/www.lintelligentdabidjan.info\/news\/wp-json\/wp\/v2\/categories?post=39075"},{"taxonomy":"post_tag","embeddable":true,"href":"https:\/\/www.lintelligentdabidjan.info\/news\/wp-json\/wp\/v2\/tags?post=39075"}],"curies":[{"name":"wp","href":"https:\/\/api.w.org\/{rel}","templated":true}]}}