{"id":39081,"date":"2025-07-07T07:25:36","date_gmt":"2025-07-07T05:25:36","guid":{"rendered":"https:\/\/www.lintelligentdabidjan.info\/news\/?p=39081"},"modified":"2025-07-07T07:26:25","modified_gmt":"2025-07-07T05:26:25","slug":"presidentielle-2025-rev-dr-noel-nguessan-president-de-la-feci-le-moment-est-venu-de-transmettre-le-flambeau-a-une-nouvelle-generation-de-leaders","status":"publish","type":"post","link":"https:\/\/www.lintelligentdabidjan.info\/news\/presidentielle-2025-rev-dr-noel-nguessan-president-de-la-feci-le-moment-est-venu-de-transmettre-le-flambeau-a-une-nouvelle-generation-de-leaders\/","title":{"rendered":"Pr\u00e9sidentielle 2025 -R\u00e9v. Dr No\u00ebl N\u2019Guessan, pr\u00e9sident de la Feci :   \u00ab Le moment est venu de transmettre le flambeau \u00e0 une nouvelle g\u00e9n\u00e9ration de leaders \u00bb"},"content":{"rendered":"<p><em><strong>Fra\u00eechement \u00e9lu pr\u00e9sident de la F\u00e9d\u00e9ration \u00c9vang\u00e9lique de C\u00f4te d\u2019Ivoire(FECI),le R\u00e9v\u00e9rend Dr No\u00ebl N\u2019Guessan s\u2019est adress\u00e9 \u00e0 l\u2019assembl\u00e9e et au peuple ivoirien dans son ensemble lors de la c\u00e9r\u00e9monie de son investiture, qui s\u2019est tenue le samedi 5 juillet 2025 dans une \u00e9glise situ\u00e9e \u00e0 la Riviera, \u00e0 Abidjan-Cocody.<\/strong><\/em><\/p>\n<p>Dans son discours, il a r\u00e9affirm\u00e9 son engagement en faveur d\u2019une vision claire : celle d\u2019une \u00c9glise unie pour le r\u00e8gne de Dieu.<\/p>\n<p>Prenant la parole en tant que leader spirituel et institutionnel, il a soulign\u00e9 la n\u00e9cessit\u00e9 d\u2019unir les forces pour propager l\u2019\u00c9vangile, renforcer la fraternit\u00e9 entre les \u00c9glises, promouvoir le d\u00e9veloppement communautaire, repr\u00e9senter les \u00c9glises aupr\u00e8s des institutions, d\u00e9fendre les valeurs chr\u00e9tiennes et, surtout, \u0153uvrer pour la coh\u00e9sion et la paix dans le pays. Il a insist\u00e9 sur le fait que cette vision ne saurait se concr\u00e9tiser par les efforts d\u2019un seul homme ou d\u2019une seule organisation, mais qu\u2019elle doit r\u00e9sulter d\u2019un engagement collectif, nourri par une foi commune. Selon ses mots : \u00ab Tous ensemble, dans l\u2019unit\u00e9, avec Dieu, nous ferons des exploits. \u00bb<\/p>\n<p>Le ton de son message s\u2019est fait plus grave et solennel lorsqu\u2019il a abord\u00e9 la situation actuelle de la C\u00f4te d\u2019Ivoire. Il a d\u00e9clar\u00e9 que le contexte socio-politique obligeait l\u2019\u00c9glise \u00e0 prendre pleinement conscience de sa responsabilit\u00e9 proph\u00e9tique en mati\u00e8re de paix et de coh\u00e9sion sociale. \u00ab L\u2019\u00c9glise ne peut rester silencieuse ni en retrait \u00bb, a-t-il insist\u00e9. Il s\u2019est alors adress\u00e9 directement aux acteurs politiques du pays, les appelant \u00e0 sortir des logiques d\u2019affrontement et de m\u00e9fiance mutuelle, pour renouer avec l\u2019esprit de dialogue, en rappelant cette c\u00e9l\u00e8bre parole du pr\u00e9sident F\u00e9lix Houphou\u00ebt-Boigny : \u00ab Le dialogue est l\u2019arme des forts. \u00bb<\/p>\n<p>Le R\u00e9v. Dr N\u2019Guessan a \u00e9galement abord\u00e9,, la question du renouvellement politique. Selon lui, le moment est venu de transmettre le flambeau \u00e0 une nouvelle g\u00e9n\u00e9ration de leaders. Comprendre qu\u2019il est temps de partir est une preuve de sagesse ; savoir le faire exige du courage ; et le faire dignement honore toute une vie de service. Il a encourag\u00e9 les anciens dirigeants \u00e0 devenir des mentors, des guides exp\u00e9riment\u00e9s et des soutiens pour la jeunesse, contribuant ainsi \u00e0 la stabilit\u00e9 du pays, m\u00eame apr\u00e8s leur retrait.<\/p>\n<p>\u00c0 l\u2019ensemble du peuple ivoirien, sans distinction de religion ni d\u2019appartenance, il a lanc\u00e9 un appel \u00e0 rester mobilis\u00e9 pour la paix, l\u2019unit\u00e9 et le d\u00e9veloppement du pays. Selon lui, il ne peut y avoir de paix durable sans un engagement sinc\u00e8re de chaque citoyen. Il a invit\u00e9 chacun \u00e0 \u00eatre un acteur responsable, vigilant et solidaire.<\/p>\n<p>Son message s\u2019est \u00e9galement adress\u00e9 \u00e0 toutes les communaut\u00e9s religieuses, les appelant \u00e0 prier pour des \u00e9lections apais\u00e9es et \u00e0 incarner la paix dans leurs actes quotidiens. Car, pour le R\u00e9v\u00e9rend, la paix n\u2019est pas un slogan, mais un comportement, un mode de vie \u00e0 adopter et \u00e0 transmettre.<\/p>\n<p><strong>Olivier Dion, avec G\u00e9rard Batoua<\/strong><\/p>\n","protected":false},"excerpt":{"rendered":"<p>Fra\u00eechement \u00e9lu pr\u00e9sident de la F\u00e9d\u00e9ration \u00c9vang\u00e9lique de C\u00f4te d\u2019Ivoire(FECI),le R\u00e9v\u00e9rend Dr No\u00ebl N\u2019Guessan s\u2019est adress\u00e9 \u00e0 l\u2019assembl\u00e9e et au peuple ivoirien dans son ensemble lors de la c\u00e9r\u00e9monie de son investiture, qui s\u2019est tenue le samedi 5 juillet 2025 dans une \u00e9glise situ\u00e9e \u00e0 la Riviera, \u00e0 Abidjan-Cocody. Dans son discours, il a r\u00e9affirm\u00e9 [&hellip;]<\/p>\n","protected":false},"author":4,"featured_media":39082,"comment_status":"closed","ping_status":"closed","sticky":false,"template":"","format":"standard","meta":{"_monsterinsights_skip_tracking":false,"_monsterinsights_sitenote_active":false,"_monsterinsights_sitenote_note":"","_monsterinsights_sitenote_category":0,"footnotes":""},"categories":[2,17,3],"tags":[5599,2229,1621,5598],"class_list":["post-39081","post","type-post","status-publish","format-standard","has-post-thumbnail","hentry","category-featured","category-politique","category-societe","tag-feci","tag-president","tag-presidentielle-2025","tag-rev-dr-noel-nguessan"],"_links":{"self":[{"href":"https:\/\/www.lintelligentdabidjan.info\/news\/wp-json\/wp\/v2\/posts\/39081","targetHints":{"allow":["GET"]}}],"collection":[{"href":"https:\/\/www.lintelligentdabidjan.info\/news\/wp-json\/wp\/v2\/posts"}],"about":[{"href":"https:\/\/www.lintelligentdabidjan.info\/news\/wp-json\/wp\/v2\/types\/post"}],"author":[{"embeddable":true,"href":"https:\/\/www.lintelligentdabidjan.info\/news\/wp-json\/wp\/v2\/users\/4"}],"replies":[{"embeddable":true,"href":"https:\/\/www.lintelligentdabidjan.info\/news\/wp-json\/wp\/v2\/comments?post=39081"}],"version-history":[{"count":1,"href":"https:\/\/www.lintelligentdabidjan.info\/news\/wp-json\/wp\/v2\/posts\/39081\/revisions"}],"predecessor-version":[{"id":39083,"href":"https:\/\/www.lintelligentdabidjan.info\/news\/wp-json\/wp\/v2\/posts\/39081\/revisions\/39083"}],"wp:featuredmedia":[{"embeddable":true,"href":"https:\/\/www.lintelligentdabidjan.info\/news\/wp-json\/wp\/v2\/media\/39082"}],"wp:attachment":[{"href":"https:\/\/www.lintelligentdabidjan.info\/news\/wp-json\/wp\/v2\/media?parent=39081"}],"wp:term":[{"taxonomy":"category","embeddable":true,"href":"https:\/\/www.lintelligentdabidjan.info\/news\/wp-json\/wp\/v2\/categories?post=39081"},{"taxonomy":"post_tag","embeddable":true,"href":"https:\/\/www.lintelligentdabidjan.info\/news\/wp-json\/wp\/v2\/tags?post=39081"}],"curies":[{"name":"wp","href":"https:\/\/api.w.org\/{rel}","templated":true}]}}