{"id":39098,"date":"2025-07-08T07:10:28","date_gmt":"2025-07-08T05:10:28","guid":{"rendered":"https:\/\/www.lintelligentdabidjan.info\/news\/?p=39098"},"modified":"2025-07-08T07:11:16","modified_gmt":"2025-07-08T05:11:16","slug":"retour-du-djidjiayokwe-en-cote-divoire-l-assemblee-nationale-francaise-favorable-a-la-restitution","status":"publish","type":"post","link":"https:\/\/www.lintelligentdabidjan.info\/news\/retour-du-djidjiayokwe-en-cote-divoire-l-assemblee-nationale-francaise-favorable-a-la-restitution\/","title":{"rendered":"Retour du DjidjiAy\u00f4kw\u00e9  en C\u00f4te d\u2019Ivoire-   L \u2019Assembl\u00e9e nationale fran\u00e7aise favorable \u00e0 la restitution"},"content":{"rendered":"<p><strong>Le service de Communication du  minist\u00e8re de la Culture et de la Francophonie a nous fait parvenir une note d\u2019information, le lundi 07 juillet 2025 pour se r\u00e9jouir de l\u2019adoption \u00e0 l\u2019unanimit\u00e9, ce jour, par l\u2019Assembl\u00e9e nationale fran\u00e7aise, du projet de loi autorisant la restitution du DjidjiAy\u00f4kw\u00e9.<\/strong><\/p>\n<p>D\u00e9finissant cette adoption  d\u2019une victoire du leadership du Pr\u00e9sident Alassane Ouattara pour la C\u00f4te d\u2019Ivoire, le minist\u00e8re de la Culture et de la Francophonie se r\u00e9jouit de l\u2019adoption \u00e0 l\u2019unanimit\u00e9, ce jour, par l\u2019Assembl\u00e9e nationale fran\u00e7aise, du projet de loi autorisant la restitution du DjidjiAy\u00f4kw\u00e9, tambour-parleur sacr\u00e9 du peuple Atchan.  \u00ab Ce vote historique, qui  fait suite \u00e0 celui du S\u00e9nat le 28 avril 2025, vient consacrer une volont\u00e9 politique conjointe des Pr\u00e9sidents Alassane Ouattara et Emmanuel Macron de red\u00e9finir les fondements de la conservation et de la restitution des biens culturels aux pays africains. Il parach\u00e8ve aussi un long processus diplomatique et culturel, impuls\u00e9 et men\u00e9 avec d\u00e9termination par le Pr\u00e9sident de la R\u00e9publique de C\u00f4te d\u2019Ivoire, Son Excellence Monsieur Alassane Ouattara d\u00e8s 2019. Le Chef de l\u2019\u00c9tat s\u2019est personnellement investi dans ce processus de restitution du DjidjiAyokw\u00e9  attendu depuis plus d\u2019un si\u00e8cle par la communaut\u00e9 Atchan. Dans la continuit\u00e9 de l\u2019action de ses pr\u00e9d\u00e9cesseurs, la ministre Fran\u00e7oise Remarck a engag\u00e9 un processus inclusif pour la restitution du tambour parleur DjidjiAy\u00f4kw\u00e9 d\u00e8s sa prise de fonction. Cette d\u00e9marche s\u2019est appuy\u00e9e sur une \u00e9coute attentive des communaut\u00e9s concern\u00e9es, un dialogue soutenu avec les autorit\u00e9s fran\u00e7aises et un plaidoyer actif aupr\u00e8s des parlementaires \u00bb, peut-on lire  dans la  note d\u2019information.<\/p>\n<p>Le minist\u00e8re  rappelle que plusieurs visites au mus\u00e9e du quai Branly \u2013 Jacques Chirac ont permis \u00e0 la ministre Fran\u00e7oise Remarck de porter les attentes des communaut\u00e9s Atchan et de la C\u00f4te d\u2019Ivoire. Une c\u00e9r\u00e9monie m\u00e9morielle d\u2019envergure, pr\u00e9sid\u00e9e par le Premier ministre, Chef du Gouvernement  Robert Beugr\u00e9 Mamb\u00e9, a r\u00e9affirm\u00e9 la valeur identitaire et patrimoniale du tambour-parleur. Sa d\u00e9sacralisation \u00e0 Paris, en pr\u00e9sence de Fran\u00e7oise  Remarck et des repr\u00e9sentants de la communaut\u00e9 Bidjan, a ouvert la voie \u00e0 sa restauration. Enfin, une r\u00e9union bilat\u00e9rale entre les ministres de la Culture de C\u00f4te d\u2019Ivoire et de France, Fran\u00e7oise Remarck et Rachida Dati  en novembre 2024  \u00e0 Paris a permis la signature d\u2019une convention de pr\u00eat autorisant d\u00e9j\u00e0 son retour sur les terres ivoiriennes. Elle s\u2019est d\u00e9roul\u00e9e en pr\u00e9sence de Laurent Lafon, Pr\u00e9sident de la Commission de la Culture, de l&#8217;\u00c9ducation, de la Communication et du Sport, du S\u00e9nat fran\u00e7ais et Fatiha Keloua-Hachi, Pr\u00e9sidente de la Commission des Affaires Culturelles et de l&#8217;\u00c9ducation de l\u2019Assembl\u00e9e nationale fran\u00e7aise.<\/p>\n<p><strong>Le retour du DjidjiAy\u00f4kw\u00e8, s\u2019int\u00e8gre dans une vision plus large<\/strong><\/p>\n<p>\u00ab Au-del\u00e0 de sa port\u00e9e patrimoniale, le retour du DjidjiAy\u00f4kw\u00e9 constitue une cause nationale, un moment de fiert\u00e9 collective et un symbole de coh\u00e9sion sociale. Un comit\u00e9 d\u2019organisation national inclusif sera plac\u00e9 sous la pr\u00e9sidence du Premier ministre, Chef du Gouvernement, S.E.M Robert Beugr\u00e9 Mamb\u00e9. Enfin, la C\u00f4te d\u2019Ivoire r\u00e9affirme son engagement \u00e0 poursuivre la restitution d\u2019autres \u0153uvres embl\u00e9matiques dans le cadre de la futur loi cadre dans une d\u00e9marche responsable et participative et en totale coh\u00e9rence avec la politique culturelle port\u00e9e par le Pr\u00e9sident de la R\u00e9publique et mise en \u0153uvre par le minist\u00e8re de la Culture et de la Francophonie \u00bb,  dixit  la note d\u2019information.<\/p>\n<p><strong>Mamadou Ouattara<\/strong><\/p>\n","protected":false},"excerpt":{"rendered":"<p>Le service de Communication du minist\u00e8re de la Culture et de la Francophonie a nous fait parvenir une note d\u2019information, le lundi 07 juillet 2025 pour se r\u00e9jouir de l\u2019adoption \u00e0 l\u2019unanimit\u00e9, ce jour, par l\u2019Assembl\u00e9e nationale fran\u00e7aise, du projet de loi autorisant la restitution du DjidjiAy\u00f4kw\u00e9. D\u00e9finissant cette adoption d\u2019une victoire du leadership du [&hellip;]<\/p>\n","protected":false},"author":4,"featured_media":39099,"comment_status":"closed","ping_status":"closed","sticky":false,"template":"","format":"standard","meta":{"_monsterinsights_skip_tracking":false,"_monsterinsights_sitenote_active":false,"_monsterinsights_sitenote_note":"","_monsterinsights_sitenote_category":0,"footnotes":""},"categories":[2,20],"tags":[77,5604,5605,5606],"class_list":["post-39098","post","type-post","status-publish","format-standard","has-post-thumbnail","hentry","category-featured","category-art-et-culture","tag-cote-divoire","tag-djidjiayokwe","tag-l-assemblee-nationale-francaise","tag-restitution"],"_links":{"self":[{"href":"https:\/\/www.lintelligentdabidjan.info\/news\/wp-json\/wp\/v2\/posts\/39098","targetHints":{"allow":["GET"]}}],"collection":[{"href":"https:\/\/www.lintelligentdabidjan.info\/news\/wp-json\/wp\/v2\/posts"}],"about":[{"href":"https:\/\/www.lintelligentdabidjan.info\/news\/wp-json\/wp\/v2\/types\/post"}],"author":[{"embeddable":true,"href":"https:\/\/www.lintelligentdabidjan.info\/news\/wp-json\/wp\/v2\/users\/4"}],"replies":[{"embeddable":true,"href":"https:\/\/www.lintelligentdabidjan.info\/news\/wp-json\/wp\/v2\/comments?post=39098"}],"version-history":[{"count":1,"href":"https:\/\/www.lintelligentdabidjan.info\/news\/wp-json\/wp\/v2\/posts\/39098\/revisions"}],"predecessor-version":[{"id":39100,"href":"https:\/\/www.lintelligentdabidjan.info\/news\/wp-json\/wp\/v2\/posts\/39098\/revisions\/39100"}],"wp:featuredmedia":[{"embeddable":true,"href":"https:\/\/www.lintelligentdabidjan.info\/news\/wp-json\/wp\/v2\/media\/39099"}],"wp:attachment":[{"href":"https:\/\/www.lintelligentdabidjan.info\/news\/wp-json\/wp\/v2\/media?parent=39098"}],"wp:term":[{"taxonomy":"category","embeddable":true,"href":"https:\/\/www.lintelligentdabidjan.info\/news\/wp-json\/wp\/v2\/categories?post=39098"},{"taxonomy":"post_tag","embeddable":true,"href":"https:\/\/www.lintelligentdabidjan.info\/news\/wp-json\/wp\/v2\/tags?post=39098"}],"curies":[{"name":"wp","href":"https:\/\/api.w.org\/{rel}","templated":true}]}}