{"id":39138,"date":"2025-07-10T07:35:06","date_gmt":"2025-07-10T05:35:06","guid":{"rendered":"https:\/\/www.lintelligentdabidjan.info\/news\/?p=39138"},"modified":"2025-07-10T07:35:42","modified_gmt":"2025-07-10T05:35:42","slug":"perennisation-des-entreprises-familiales-linec-daloa-ouvre-le-debat-lors-de-son-gala-2025","status":"publish","type":"post","link":"https:\/\/www.lintelligentdabidjan.info\/news\/perennisation-des-entreprises-familiales-linec-daloa-ouvre-le-debat-lors-de-son-gala-2025\/","title":{"rendered":"P\u00e9rennisation des entreprises familiales :  l\u2019INEC Daloa ouvre le d\u00e9bat lors de son Gala 2025"},"content":{"rendered":"<p><em><strong>Le vendredi 4 juillet 2025 , l\u2019Institut National d\u2019Intelligence Num\u00e9rique, \u00c9conomique et Commercial (INEC) de Daloa a tenu la cinqui\u00e8me \u00e9dition de son D\u00eener Gala de l\u2019Excellence, un rendez-vous   qui met en lumi\u00e8re les talents locaux tout en traitant des enjeux essentiels pour le d\u00e9veloppement r\u00e9gional.<\/strong><\/em><\/p>\n<p>Pour cette \u00e9dition, le th\u00e8me choisi, \u00ab P\u00e9renniser les entreprises familiales \u00bb, s\u2019est impos\u00e9 comme une question centrale pour l\u2019\u00e9conomie ivoirienne.<\/p>\n<p>Au cours d\u2019un panel d\u2019\u00e9changes  , des sp\u00e9cialistes issus des secteurs entrepreneurial, institutionnel et culturel ont partag\u00e9 leurs analyses et propositions afin d\u2019assurer la transmission et la durabilit\u00e9 des entreprises familiales dans le contexte socio-\u00e9conomique actuel.<\/p>\n<p>Dans son discours, Parfait S\u00e9ri, directeur fondateur de l\u2019INEC, a soulign\u00e9 l\u2019importance  de la survie des entreprises familiales, qu\u2019il consid\u00e8re comme un pilier fondamental pour consolider le tissu \u00e9conomique :<\/p>\n<p>\u00ab Trop d\u2019entreprises disparaissent \u00e0 la mort de leurs fondateurs, faute d\u2019une transmission claire des valeurs et de la vision entrepreneuriale. Cette situation fragilise non seulement l\u2019\u00e9conomie locale, mais menace aussi des emplois et des familles. \u00c0 l\u2019INEC, nous sommes engag\u00e9s \u00e0 sensibiliser et former les jeunes pour qu\u2019ils deviennent les garants d\u2019une continuit\u00e9 durable. \u00bb<\/p>\n<p>Il a \u00e9galement rappel\u00e9 que cette probl\u00e9matique exige une approche pluridisciplinaire, int\u00e9grant culture, droit, gestion et esprit d\u2019entreprise.<\/p>\n<p>Enfin, il a insist\u00e9 sur la n\u00e9cessit\u00e9 d\u2019offrir une formation accessible et de qualit\u00e9, accompagn\u00e9e d\u2019un soutien global, afin de permettre aux jeunes de relever les d\u00e9fis \u00e9conomiques et sociaux actuels.<\/p>\n<p>Au cours de la soir\u00e9e, plusieurs distinctions ont \u00e9t\u00e9 remises aux meilleurs \u00e9l\u00e8ves des examens du CEPE et du BEPC dans la circonscription de Daloa, aux \u00e9tudiants les plus m\u00e9ritants de l\u2019INEC, ainsi qu\u2019aux jeunes entrepreneurs les plus dynamiques de la r\u00e9gion. Les \u00e9tablissements scolaires publics et priv\u00e9s ayant obtenu les meilleurs r\u00e9sultats au niveau national en 2024 ont \u00e9galement \u00e9t\u00e9 honor\u00e9s.<\/p>\n<p>Le gala a b\u00e9n\u00e9fici\u00e9 du soutien du Conseil r\u00e9gional du Haut-Sassandra, repr\u00e9sent\u00e9 par Kouakou Jacques, 4e vice-pr\u00e9sident, qui a r\u00e9affirm\u00e9 l\u2019engagement des autorit\u00e9s \u00e0 accompagner les initiatives en faveur de la jeunesse et de l\u2019entrepreneuriat local :<\/p>\n<p>\u00ab Le Conseil r\u00e9gional restera aux c\u00f4t\u00e9s de tous ceux qui \u0153uvrent pour l\u2019intelligence, la formation et le d\u00e9veloppement durable de notre jeunesse. \u00bb<\/p>\n<p>Kou\u00e9 Tomin Jean, pr\u00e9sident de l\u2019association des \u00e9tudiants de l\u2019INEC, a exprim\u00e9 la d\u00e9termination des jeunes \u00e0 s\u2019engager pleinement pour un avenir prometteur, rappelant que l\u2019excellence repose sur la cr\u00e9ativit\u00e9, la solidarit\u00e9 et le courage.<\/p>\n<p>Par cette initiative, l\u2019INEC confirme son r\u00f4le d\u2019acteur majeur dans le d\u00e9veloppement local, en alliant excellence acad\u00e9mique, innovation et r\u00e9flexion autour des d\u00e9fis \u00e9conomiques contemporains.<\/p>\n<p><strong>Beker Yao <\/strong><\/p>\n","protected":false},"excerpt":{"rendered":"<p>Le vendredi 4 juillet 2025 , l\u2019Institut National d\u2019Intelligence Num\u00e9rique, \u00c9conomique et Commercial (INEC) de Daloa a tenu la cinqui\u00e8me \u00e9dition de son D\u00eener Gala de l\u2019Excellence, un rendez-vous qui met en lumi\u00e8re les talents locaux tout en traitant des enjeux essentiels pour le d\u00e9veloppement r\u00e9gional. Pour cette \u00e9dition, le th\u00e8me choisi, \u00ab P\u00e9renniser les [&hellip;]<\/p>\n","protected":false},"author":4,"featured_media":39140,"comment_status":"closed","ping_status":"closed","sticky":false,"template":"","format":"standard","meta":{"_monsterinsights_skip_tracking":false,"_monsterinsights_sitenote_active":false,"_monsterinsights_sitenote_note":"","_monsterinsights_sitenote_category":0,"footnotes":""},"categories":[2,3],"tags":[105,5629,5627,5630,5628,5626],"class_list":["post-39138","post","type-post","status-publish","format-standard","has-post-thumbnail","hentry","category-featured","category-societe","tag-daloa","tag-debat","tag-entreprises-familiales","tag-gala-2025","tag-linec","tag-perennisation"],"_links":{"self":[{"href":"https:\/\/www.lintelligentdabidjan.info\/news\/wp-json\/wp\/v2\/posts\/39138","targetHints":{"allow":["GET"]}}],"collection":[{"href":"https:\/\/www.lintelligentdabidjan.info\/news\/wp-json\/wp\/v2\/posts"}],"about":[{"href":"https:\/\/www.lintelligentdabidjan.info\/news\/wp-json\/wp\/v2\/types\/post"}],"author":[{"embeddable":true,"href":"https:\/\/www.lintelligentdabidjan.info\/news\/wp-json\/wp\/v2\/users\/4"}],"replies":[{"embeddable":true,"href":"https:\/\/www.lintelligentdabidjan.info\/news\/wp-json\/wp\/v2\/comments?post=39138"}],"version-history":[{"count":1,"href":"https:\/\/www.lintelligentdabidjan.info\/news\/wp-json\/wp\/v2\/posts\/39138\/revisions"}],"predecessor-version":[{"id":39141,"href":"https:\/\/www.lintelligentdabidjan.info\/news\/wp-json\/wp\/v2\/posts\/39138\/revisions\/39141"}],"wp:featuredmedia":[{"embeddable":true,"href":"https:\/\/www.lintelligentdabidjan.info\/news\/wp-json\/wp\/v2\/media\/39140"}],"wp:attachment":[{"href":"https:\/\/www.lintelligentdabidjan.info\/news\/wp-json\/wp\/v2\/media?parent=39138"}],"wp:term":[{"taxonomy":"category","embeddable":true,"href":"https:\/\/www.lintelligentdabidjan.info\/news\/wp-json\/wp\/v2\/categories?post=39138"},{"taxonomy":"post_tag","embeddable":true,"href":"https:\/\/www.lintelligentdabidjan.info\/news\/wp-json\/wp\/v2\/tags?post=39138"}],"curies":[{"name":"wp","href":"https:\/\/api.w.org\/{rel}","templated":true}]}}