{"id":39142,"date":"2025-07-10T07:40:07","date_gmt":"2025-07-10T05:40:07","guid":{"rendered":"https:\/\/www.lintelligentdabidjan.info\/news\/?p=39142"},"modified":"2025-07-10T07:40:14","modified_gmt":"2025-07-10T05:40:14","slug":"lintelligent-en-pdf-rentree-scolaire-et-fetes-de-fin-dannee-menacees-les-sinistres-du-marche-petit-lome-dadjame-lancent-un-sos-au-president-alassane-ouattara","status":"publish","type":"post","link":"https:\/\/www.lintelligentdabidjan.info\/news\/lintelligent-en-pdf-rentree-scolaire-et-fetes-de-fin-dannee-menacees-les-sinistres-du-marche-petit-lome-dadjame-lancent-un-sos-au-president-alassane-ouattara\/","title":{"rendered":"L&#8217;Intelligent en PDF:    Rentr\u00e9e scolaire et f\u00eates de fin d\u2019ann\u00e9e menac\u00e9es Les sinistr\u00e9s du march\u00e9 Petit Lom\u00e9 d&#8217;Adjam\u00e9 lancent un SOS au Pr\u00e9sident Alassane Ouattara"},"content":{"rendered":"<p><strong>Pr\u00e8s de deux mois apr\u00e8s l\u2019incendie tragique qui a ravag\u00e9 le march\u00e9 &#8220;Petit Lom\u00e9&#8221; d\u2019Adjam\u00e9, les commer\u00e7ants sinistr\u00e9s ont organis\u00e9 le mercredi 9 juillet 2025, une conf\u00e9rence de presse sur les lieux du drame, non loin de la Grande Mosqu\u00e9e d&#8217;Adjam\u00e9. R\u00e9unis autour de leurs responsables, Cherif Binat\u00e9 et Tenin Pillah Tour\u00e9, ils ont exprim\u00e9 leur d\u00e9tresse mais aussi leur d\u00e9termination \u00e0 reb\u00e2tir leur avenir, appelant les autorit\u00e9s ivoiriennes \u00e0 agir rapidement. Qu&#8217;est ce qu&#8217;ils ont dit?<\/strong><br \/>\nArticle \u00e0 d\u00e9couvrir dans vos kiosques et en ligne sur&#8230;<\/p>\n<p><a href=\"https:\/\/news.abidjan.net\/titrologie\/39-lintelligent-dabidjan\/articles\" target=\"_blank\">https:\/\/news.abidjan.net\/titrologie\/39-lintelligent-dabidjan\/articles<\/a><\/p>\n<p>\u00c0 lire \u00e9galement ce que Ciss\u00e9 Bacongo a dit aux maires Rhdp, les propos tenus par la candidate Henriette Lagou sur la pr\u00e9sidentielle 2025 , Zadi Dj\u00e9dj\u00e9 maintient une pression continue avec son mouvement Gbagbo Trop c&#8217;est trop, La SOTRA re\u00e7oit 200 nouveaux bus, Les services de Bruno Kone rassurent suite \u00e0 l&#8217;incendie \u00e0 la Tour E de la Cit\u00e9 administrative<\/p>\n<p>Cliquez pour les d\u00e9tails<\/p>\n<p><a href=\"https:\/\/www.afrikipresse.fr\/abonnement\" target=\"_blank\">https:\/\/www.afrikipresse.fr\/abonnement<\/a><\/p>\n<p>\u00c0 voir aussi l&#8217;\u00e9dito &#8220;Ouattara face \u00e0 l\u2019appel du RHDP : une non r\u00e9ponse imm\u00e9diate qui<br \/>\nenchante une partie de l\u2019opposition&#8221; et le Forum des Sages re\u00e7u par Vincent Toh Bi.<\/p>\n<p><a href=\"https:\/\/www.pressecotedivoire.fr\/titrologie\" target=\"_blank\">https:\/\/www.pressecotedivoire.fr\/titrologie<\/a><\/p>\n","protected":false},"excerpt":{"rendered":"<p>Pr\u00e8s de deux mois apr\u00e8s l\u2019incendie tragique qui a ravag\u00e9 le march\u00e9 &#8220;Petit Lom\u00e9&#8221; d\u2019Adjam\u00e9, les commer\u00e7ants sinistr\u00e9s ont organis\u00e9 le mercredi 9 juillet 2025, une conf\u00e9rence de presse sur les lieux du drame, non loin de la Grande Mosqu\u00e9e d&#8217;Adjam\u00e9. R\u00e9unis autour de leurs responsables, Cherif Binat\u00e9 et Tenin Pillah Tour\u00e9, ils ont exprim\u00e9 [&hellip;]<\/p>\n","protected":false},"author":4,"featured_media":39143,"comment_status":"closed","ping_status":"closed","sticky":false,"template":"","format":"standard","meta":{"_monsterinsights_skip_tracking":false,"_monsterinsights_sitenote_active":false,"_monsterinsights_sitenote_note":"","_monsterinsights_sitenote_category":0,"footnotes":""},"categories":[2,3],"tags":[],"class_list":["post-39142","post","type-post","status-publish","format-standard","has-post-thumbnail","hentry","category-featured","category-societe"],"_links":{"self":[{"href":"https:\/\/www.lintelligentdabidjan.info\/news\/wp-json\/wp\/v2\/posts\/39142","targetHints":{"allow":["GET"]}}],"collection":[{"href":"https:\/\/www.lintelligentdabidjan.info\/news\/wp-json\/wp\/v2\/posts"}],"about":[{"href":"https:\/\/www.lintelligentdabidjan.info\/news\/wp-json\/wp\/v2\/types\/post"}],"author":[{"embeddable":true,"href":"https:\/\/www.lintelligentdabidjan.info\/news\/wp-json\/wp\/v2\/users\/4"}],"replies":[{"embeddable":true,"href":"https:\/\/www.lintelligentdabidjan.info\/news\/wp-json\/wp\/v2\/comments?post=39142"}],"version-history":[{"count":1,"href":"https:\/\/www.lintelligentdabidjan.info\/news\/wp-json\/wp\/v2\/posts\/39142\/revisions"}],"predecessor-version":[{"id":39144,"href":"https:\/\/www.lintelligentdabidjan.info\/news\/wp-json\/wp\/v2\/posts\/39142\/revisions\/39144"}],"wp:featuredmedia":[{"embeddable":true,"href":"https:\/\/www.lintelligentdabidjan.info\/news\/wp-json\/wp\/v2\/media\/39143"}],"wp:attachment":[{"href":"https:\/\/www.lintelligentdabidjan.info\/news\/wp-json\/wp\/v2\/media?parent=39142"}],"wp:term":[{"taxonomy":"category","embeddable":true,"href":"https:\/\/www.lintelligentdabidjan.info\/news\/wp-json\/wp\/v2\/categories?post=39142"},{"taxonomy":"post_tag","embeddable":true,"href":"https:\/\/www.lintelligentdabidjan.info\/news\/wp-json\/wp\/v2\/tags?post=39142"}],"curies":[{"name":"wp","href":"https:\/\/api.w.org\/{rel}","templated":true}]}}