{"id":39180,"date":"2025-07-14T07:29:59","date_gmt":"2025-07-14T05:29:59","guid":{"rendered":"https:\/\/www.lintelligentdabidjan.info\/news\/?p=39180"},"modified":"2025-07-14T07:35:28","modified_gmt":"2025-07-14T05:35:28","slug":"education-les-awards-de-leducation-formation-aefci-pour-valoriser-les-heros-de-lombre","status":"publish","type":"post","link":"https:\/\/www.lintelligentdabidjan.info\/news\/education-les-awards-de-leducation-formation-aefci-pour-valoriser-les-heros-de-lombre\/","title":{"rendered":"\u00c9ducation-   Les Awards de l\u2019\u00c9ducation-Formation (AEFCI) pour valoriser les h\u00e9ros de l\u2019ombre"},"content":{"rendered":"<p><em><strong>Le pr\u00e9sident de l\u2019ONG Afp Moed (Aide \u00e0 la Formation Professionnelle et des M\u00e9tiers aux Orphelins et Enfants D\u00e9munis), M. S\u00e9ri Bonnel, a anim\u00e9 une conf\u00e9rence de presse le 10 juillet 2025 \u00e0 Abidjan pour annoncer la premi\u00e8re \u00e9dition des Awards de l\u2019\u00c9ducation-Formation de C\u00f4te d\u2019Ivoire (Aefci), pr\u00e9vue pour le 26 juillet 2025 au Plateau.<\/strong><\/em><\/p>\n<p>Accompagn\u00e9 de plusieurs personnalit\u00e9s du monde \u00e9ducatif et institutionnel dont Ahicha Dagnogo, repr\u00e9sentante de la Directrice g\u00e9n\u00e9rale de l\u2019AGEFOP, le repr\u00e9sentant de l\u2019UNESCO, et Dr Franck Adou, pr\u00e9sident du jury des Aefci ,   S\u00e9ri Bonnel a donn\u00e9 un aper\u00e7u de cette \u00e9dition. <\/p>\n<p>Cet \u00e9v\u00e9nement se veut \u00eatre une opportunit\u00e9 de c\u00e9l\u00e9brer l\u2019excellence \u00e9ducative et l\u2019engagement citoyen.<\/p>\n<p>\u00ab Cette initiative a pour objectif de mettre en lumi\u00e8re les acteurs m\u00e9connus qui \u0153uvrent quotidiennement pour l&#8217;am\u00e9lioration de l\u2019\u00e9ducation et de la formation professionnelle en C\u00f4te d\u2019Ivoire. Les AEFCI visent \u00e0 promouvoir l\u2019apprentissage, favoriser l\u2019insertion des jeunes, soutenir les enfants d\u00e9scolaris\u00e9s et accompagner les orphelins et enfants d\u00e9munis \u00bb, a indiqu\u00e9 S\u00e9ri Bonnel, avant d\u2019adresser ses remerciements aux minist\u00e8res de tutelle.<\/p>\n<p>\u00ab Nous saluons nos ministres de tutelle qui, depuis leurs nominations, ont insuffl\u00e9 une dynamique positive pour faire ressortir le meilleur du syst\u00e8me \u00e9ducatif ivoirien \u00bb, a d\u00e9clar\u00e9 M. S\u00e9ri Bonnel.<\/p>\n<p><strong>Des h\u00e9ros silencieux de l\u2019\u00e9ducation \u00e0 l\u2019honneur<\/strong><\/p>\n<p>Selon l\u2019initiateur, cette initiative rend hommage \u00e0 ces \u00ab h\u00e9ros silencieux \u00bb : enseignants passionn\u00e9s, \u00e9l\u00e8ves brillants, encadreurs d\u00e9vou\u00e9s, fondateurs d\u2019\u00e9tablissements, personnels administratifs, m\u00e9c\u00e8nes, et entreprises citoyennes.<\/p>\n<p>Tous ceux qui, souvent dans l\u2019ombre et sans reconnaissance, contribuent \u00e0 maintenir l\u2019espoir et la qualit\u00e9 dans l\u2019enseignement.<\/p>\n<p>\u00ab Il existe, dans de nombreuses r\u00e9gions y compris \u00e0 Abidjan des enfants brillants malgr\u00e9 des moyens extr\u00eamement limit\u00e9s, voire inexistants. Des DREN, des parents, des encadreurs se battent chaque jour pour maintenir ces jeunes dans le syst\u00e8me \u00e9ducatif \u00bb, a soulign\u00e9 M. S\u00e9ri Bonnel.<\/p>\n<p><strong>Un soutien institutionnel encourag\u00e9<\/strong><\/p>\n<p>Pour sa part, Ahicha S\u00e9hi Dagnogo, repr\u00e9sentant l\u2019AGEFOP, a salu\u00e9 cette initiative port\u00e9e par l\u2019ONG AFP MOED. Elle a encourag\u00e9 S\u00e9ri Bonnel et son \u00e9quipe pour leur engagement en faveur du secteur \u00e9ducation-formation, soulignant l\u2019importance de telles actions pour stimuler les bonnes pratiques et renforcer les efforts de l\u2019\u00c9tat.<\/p>\n<p><strong>Olivier Dion, avec G\u00e9rard Batoua et Sercom<\/strong><\/p>\n","protected":false},"excerpt":{"rendered":"<p>Le pr\u00e9sident de l\u2019ONG Afp Moed (Aide \u00e0 la Formation Professionnelle et des M\u00e9tiers aux Orphelins et Enfants D\u00e9munis), M. S\u00e9ri Bonnel, a anim\u00e9 une conf\u00e9rence de presse le 10 juillet 2025 \u00e0 Abidjan pour annoncer la premi\u00e8re \u00e9dition des Awards de l\u2019\u00c9ducation-Formation de C\u00f4te d\u2019Ivoire (Aefci), pr\u00e9vue pour le 26 juillet 2025 au Plateau. [&hellip;]<\/p>\n","protected":false},"author":4,"featured_media":39186,"comment_status":"closed","ping_status":"closed","sticky":false,"template":"","format":"standard","meta":{"_monsterinsights_skip_tracking":false,"_monsterinsights_sitenote_active":false,"_monsterinsights_sitenote_note":"","_monsterinsights_sitenote_category":0,"footnotes":""},"categories":[2,3],"tags":[5663,1200,5665,5662,5664],"class_list":["post-39180","post","type-post","status-publish","format-standard","has-post-thumbnail","hentry","category-featured","category-societe","tag-aefci","tag-education","tag-heros-de-lombre","tag-les-awards-de-leducation-formation","tag-valoriser"],"_links":{"self":[{"href":"https:\/\/www.lintelligentdabidjan.info\/news\/wp-json\/wp\/v2\/posts\/39180","targetHints":{"allow":["GET"]}}],"collection":[{"href":"https:\/\/www.lintelligentdabidjan.info\/news\/wp-json\/wp\/v2\/posts"}],"about":[{"href":"https:\/\/www.lintelligentdabidjan.info\/news\/wp-json\/wp\/v2\/types\/post"}],"author":[{"embeddable":true,"href":"https:\/\/www.lintelligentdabidjan.info\/news\/wp-json\/wp\/v2\/users\/4"}],"replies":[{"embeddable":true,"href":"https:\/\/www.lintelligentdabidjan.info\/news\/wp-json\/wp\/v2\/comments?post=39180"}],"version-history":[{"count":1,"href":"https:\/\/www.lintelligentdabidjan.info\/news\/wp-json\/wp\/v2\/posts\/39180\/revisions"}],"predecessor-version":[{"id":39182,"href":"https:\/\/www.lintelligentdabidjan.info\/news\/wp-json\/wp\/v2\/posts\/39180\/revisions\/39182"}],"wp:featuredmedia":[{"embeddable":true,"href":"https:\/\/www.lintelligentdabidjan.info\/news\/wp-json\/wp\/v2\/media\/39186"}],"wp:attachment":[{"href":"https:\/\/www.lintelligentdabidjan.info\/news\/wp-json\/wp\/v2\/media?parent=39180"}],"wp:term":[{"taxonomy":"category","embeddable":true,"href":"https:\/\/www.lintelligentdabidjan.info\/news\/wp-json\/wp\/v2\/categories?post=39180"},{"taxonomy":"post_tag","embeddable":true,"href":"https:\/\/www.lintelligentdabidjan.info\/news\/wp-json\/wp\/v2\/tags?post=39180"}],"curies":[{"name":"wp","href":"https:\/\/api.w.org\/{rel}","templated":true}]}}