{"id":39187,"date":"2025-07-14T07:39:01","date_gmt":"2025-07-14T05:39:01","guid":{"rendered":"https:\/\/www.lintelligentdabidjan.info\/news\/?p=39187"},"modified":"2025-07-14T07:39:10","modified_gmt":"2025-07-14T05:39:10","slug":"elections-apaisees-en-cote-divoire-lorci-lance-sa-tournee-nationale-de-sensibilisation","status":"publish","type":"post","link":"https:\/\/www.lintelligentdabidjan.info\/news\/elections-apaisees-en-cote-divoire-lorci-lance-sa-tournee-nationale-de-sensibilisation\/","title":{"rendered":"\u00c9lections apais\u00e9es en C\u00f4te d&#8217;Ivoire-L\u2019Orci lance sa tourn\u00e9e nationale de sensibilisation"},"content":{"rendered":"<p><em><strong>L\u2019Organisation Charafoul Islam (Orci) a lanc\u00e9 officiellement sa tourn\u00e9e nationale de sensibilisation pour des \u00e9lections apais\u00e9es en C\u00f4te d&#8217;Ivoire, le samedi 12 juillet 2025, \u00e0 la maison de la chefferie d\u2019Agban village, situ\u00e9  \u00e0 Abidjan-Att\u00e9coub\u00e9, autour du th\u00e8me : \u00ab L\u2019Orci pour une jeunesse consciente et des citoyens responsables dans un processus \u00e9lectoral apais\u00e9. \u00bb<\/strong><\/em><\/p>\n<p>Au cours de la c\u00e9r\u00e9monie de lancement, le pr\u00e9sident de l\u2019Organisation Charafoul Islam (Orci), Hamidou Berth\u00e9 a indiqu\u00e9 que la tourn\u00e9e nationale de sensibilisation pour des \u00e9lections apais\u00e9es est une initiative de pr\u00e9vention pour \u00e9viter \u00e0 la C\u00f4te d&#8217;Ivoire une crise post-\u00e9lectorale, mais surtout d\u2019expliquer aux populations le bien-fond\u00e9 de la paix et de la coh\u00e9sion sociale. Selon lui, les discours de haine et l\u2019incitation \u00e0 la violence des hommes politiques qui montent en crescendo en sont les pr\u00e9misses. \u00ab Nous avons initi\u00e9 cette tourn\u00e9e par amour pour notre pays, mais par souci de vivre en bonne intelligence en paix. La paix est une denr\u00e9e inestimable, on ne peut pas l\u2019acheter. Il ne faut pas \u00eatre attentiste ou passif quand nous voyons en perspective, \u00e0 travers les attitudes et les discours ici et l\u00e0, des conflits naissants. Mieux vaut pr\u00e9venir que gu\u00e9rir. C&#8217;est en termes de pr\u00e9vention que nous avons d\u00e9cid\u00e9 de sillonner l\u2019\u00e9tendue du territoire national \u00bb, a-t-il d\u00e9clar\u00e9. Pour ce faire, l\u2019organisation a pr\u00e9vu de parcourir cinq villes ivoiriennes pour sensibiliser les populations, les jeunes, les femmes et les acteurs politiques. \u00ab Nous avons d\u00e9cid\u00e9 de quadriller le pays en ces cinq zones, \u00e0 savoir le Sud par San Pedro le 19 juillet, l\u2019Ouest par Man le 26 juillet, le Nord par Korhogo le 08 ao\u00fbt, le Centre par Bouak\u00e9 le 09 ao\u00fbt, et l\u2019Est par Bondoukou le 16 ao\u00fbt, avec la cl\u00f4ture \u00e0 Abidjan le 06 septembre 2025 \u00bb, a-t-il annonc\u00e9, ajoutant que plusieurs localit\u00e9s ont exprim\u00e9 leur d\u00e9sir de se joindre \u00e0 cette tourn\u00e9e afin de porter leurs voix pour le bien de la nation. \u00ab Il aurait fallu que nous suscitions cette initiative pour comprendre que les gens ont soif de paix. \u00c7a nous plairait de sillonner toutes les localit\u00e9s, surtout les localit\u00e9s conflictuelles, pour faire comprendre aux gens le bien-fond\u00e9 de la paix \u00bb, a all\u00e9gu\u00e9 Hamidou Berth\u00e9.<\/p>\n<p>L&#8217;honorable Coulibaly Papa, premier adjoint au maire de la commune d\u2019Att\u00e9coub\u00e9  a, au nom du maire Danho Paulin, r\u00e9affirm\u00e9 la volont\u00e9 de la municipalit\u00e9 d&#8217;accompagner l\u2019Orci dans sa campagne de sensibilisation. \u00ab Nous sommes l\u00e0 pour porter un message de paix, pour accompagner cette caravane afin qu\u2019elle soit un total succ\u00e8s et conscientiser certains de nos compatriotes qui seraient tent\u00e9s par quelques id\u00e9es que ce soit de semer des troubles lors des \u00e9lections \u00bb, a-t-il indiqu\u00e9.<\/p>\n<p>Notons que la premi\u00e8re \u00e9tape de cette tourn\u00e9e d\u00e9marre d\u00e8s le samedi 19 juillet \u00e0 San Pedro.<\/p>\n<p><strong>Olivier Dion avec A. Traor\u00e9<\/strong><\/p>\n","protected":false},"excerpt":{"rendered":"<p>L\u2019Organisation Charafoul Islam (Orci) a lanc\u00e9 officiellement sa tourn\u00e9e nationale de sensibilisation pour des \u00e9lections apais\u00e9es en C\u00f4te d&#8217;Ivoire, le samedi 12 juillet 2025, \u00e0 la maison de la chefferie d\u2019Agban village, situ\u00e9 \u00e0 Abidjan-Att\u00e9coub\u00e9, autour du th\u00e8me : \u00ab L\u2019Orci pour une jeunesse consciente et des citoyens responsables dans un processus \u00e9lectoral apais\u00e9. \u00bb [&hellip;]<\/p>\n","protected":false},"author":4,"featured_media":39188,"comment_status":"closed","ping_status":"closed","sticky":false,"template":"","format":"standard","meta":{"_monsterinsights_skip_tracking":false,"_monsterinsights_sitenote_active":false,"_monsterinsights_sitenote_note":"","_monsterinsights_sitenote_category":0,"footnotes":""},"categories":[2,17],"tags":[77,646,5669,5670],"class_list":["post-39187","post","type-post","status-publish","format-standard","has-post-thumbnail","hentry","category-featured","category-politique","tag-cote-divoire","tag-elections","tag-orci","tag-tournee-nationale-de-sensibilisation"],"_links":{"self":[{"href":"https:\/\/www.lintelligentdabidjan.info\/news\/wp-json\/wp\/v2\/posts\/39187","targetHints":{"allow":["GET"]}}],"collection":[{"href":"https:\/\/www.lintelligentdabidjan.info\/news\/wp-json\/wp\/v2\/posts"}],"about":[{"href":"https:\/\/www.lintelligentdabidjan.info\/news\/wp-json\/wp\/v2\/types\/post"}],"author":[{"embeddable":true,"href":"https:\/\/www.lintelligentdabidjan.info\/news\/wp-json\/wp\/v2\/users\/4"}],"replies":[{"embeddable":true,"href":"https:\/\/www.lintelligentdabidjan.info\/news\/wp-json\/wp\/v2\/comments?post=39187"}],"version-history":[{"count":1,"href":"https:\/\/www.lintelligentdabidjan.info\/news\/wp-json\/wp\/v2\/posts\/39187\/revisions"}],"predecessor-version":[{"id":39189,"href":"https:\/\/www.lintelligentdabidjan.info\/news\/wp-json\/wp\/v2\/posts\/39187\/revisions\/39189"}],"wp:featuredmedia":[{"embeddable":true,"href":"https:\/\/www.lintelligentdabidjan.info\/news\/wp-json\/wp\/v2\/media\/39188"}],"wp:attachment":[{"href":"https:\/\/www.lintelligentdabidjan.info\/news\/wp-json\/wp\/v2\/media?parent=39187"}],"wp:term":[{"taxonomy":"category","embeddable":true,"href":"https:\/\/www.lintelligentdabidjan.info\/news\/wp-json\/wp\/v2\/categories?post=39187"},{"taxonomy":"post_tag","embeddable":true,"href":"https:\/\/www.lintelligentdabidjan.info\/news\/wp-json\/wp\/v2\/tags?post=39187"}],"curies":[{"name":"wp","href":"https:\/\/api.w.org\/{rel}","templated":true}]}}