{"id":39190,"date":"2025-07-14T07:43:00","date_gmt":"2025-07-14T05:43:00","guid":{"rendered":"https:\/\/www.lintelligentdabidjan.info\/news\/?p=39190"},"modified":"2025-07-14T07:43:10","modified_gmt":"2025-07-14T05:43:10","slug":"lintelligent-en-pdf-presidentielle-2025-don-mello-va-t-il-enfin-sassumer-face-a-gbagbo","status":"publish","type":"post","link":"https:\/\/www.lintelligentdabidjan.info\/news\/lintelligent-en-pdf-presidentielle-2025-don-mello-va-t-il-enfin-sassumer-face-a-gbagbo\/","title":{"rendered":"L\u2019Intelligent en PDF:   Pr\u00e9sidentielle 2025  Don Mello va-t-il enfin  s\u2019assumer face \u00e0 Gbagbo ?"},"content":{"rendered":"<p><strong>Apr\u00e8s qu\u2019il a confirm\u00e9 \u00e0 RFI avoir transmis une lettre \u00e0 l\u2019ex pr\u00e9sident Laurent Gbagbo en qualit\u00e9 de pr\u00e9sident du PPACI, une d\u00e9claration d\u2019Ahoua Don Mello est annonc\u00e9e dans les jours \u00e0 venir. Pendant ce temps , les sp\u00e9culations continuent sur la lettre dont la r\u00e9ception a \u00e9t\u00e9 d\u00e9mentie par le Parti du peuple africain de C\u00f4te d\u2019Ivoire (PPACI) . Don Mello va-t-il enfin s\u2019assumer face \u00e0 Gbagbo ?<\/strong><\/p>\n<p>Article \u00e0 d\u00e9couvrir dans vos kiosques et en ligne sur&#8230;<\/p>\n<p><a href=\"https:\/\/news.abidjan.net\/titrologie\/39-lintelligent-dabidjan\/articles\" target=\"_blank\">https:\/\/news.abidjan.net\/titrologie\/39-lintelligent-dabidjan\/articles<\/a><\/p>\n<p>\u00c0 lire \u00e9galement la r\u00e9action de la CEI apr\u00e8s une sortie de Lasme du PPACI faisant \u00e9tat de ce que Gbagbo \u00e9tait r\u00e9inscrit sur la liste \u00e9lectorale pour le parrainage, Anne Ouloto livre un message, Abou-Bakar Ouattara d\u00e9cline ses priorit\u00e9s lors de la passation de collier au District 9101 du Rotary Club, Amadou Kon\u00e9 mobilise Bouak\u00e9 pour le 7 ao\u00fbt 2025 apr\u00e8s 1964, 3 212 participants en 3 jours \u00e0 Ivoire Tech Forum 2025, Le Conseil du coton, de l\u2019anacarde et du karit\u00e9 offre 16 ambulances pour la sant\u00e9 dans les zones de production, Bl\u00e9 Goud\u00e9 refuse un avenir dans l\u2019ombre de Gbagbo lors d&#8217;un meeting \u00e0 Balouzon &#8211; Daloa.<\/p>\n<p>Cliquez pour les d\u00e9tails<\/p>\n<p><a href=\"https:\/\/www.afrikipresse.fr\/abonnement\" target=\"_blank\">https:\/\/www.afrikipresse.fr\/abonnement<\/a><\/p>\n<p>\u00c0 voir \u00e9galement Himra, Serge Beynaud, Pat Sako annonc\u00e9s au Wob\u00e9l\u00e9 festival 4 \u00e0 Tafir\u00e9 et le vaccin anti palu, disponible depuis juillet 2024, efficace \u00e0 98%<\/p>\n<p><a href=\"https:\/\/www.pressecotedivoire.fr\/titrologie\" target=\"_blank\">https:\/\/www.pressecotedivoire.fr\/titrologie<\/a><\/p>\n","protected":false},"excerpt":{"rendered":"<p>Apr\u00e8s qu\u2019il a confirm\u00e9 \u00e0 RFI avoir transmis une lettre \u00e0 l\u2019ex pr\u00e9sident Laurent Gbagbo en qualit\u00e9 de pr\u00e9sident du PPACI, une d\u00e9claration d\u2019Ahoua Don Mello est annonc\u00e9e dans les jours \u00e0 venir. Pendant ce temps , les sp\u00e9culations continuent sur la lettre dont la r\u00e9ception a \u00e9t\u00e9 d\u00e9mentie par le Parti du peuple africain [&hellip;]<\/p>\n","protected":false},"author":4,"featured_media":39191,"comment_status":"closed","ping_status":"closed","sticky":false,"template":"","format":"standard","meta":{"_monsterinsights_skip_tracking":false,"_monsterinsights_sitenote_active":false,"_monsterinsights_sitenote_note":"","_monsterinsights_sitenote_category":0,"footnotes":""},"categories":[2,3],"tags":[],"class_list":["post-39190","post","type-post","status-publish","format-standard","has-post-thumbnail","hentry","category-featured","category-societe"],"_links":{"self":[{"href":"https:\/\/www.lintelligentdabidjan.info\/news\/wp-json\/wp\/v2\/posts\/39190","targetHints":{"allow":["GET"]}}],"collection":[{"href":"https:\/\/www.lintelligentdabidjan.info\/news\/wp-json\/wp\/v2\/posts"}],"about":[{"href":"https:\/\/www.lintelligentdabidjan.info\/news\/wp-json\/wp\/v2\/types\/post"}],"author":[{"embeddable":true,"href":"https:\/\/www.lintelligentdabidjan.info\/news\/wp-json\/wp\/v2\/users\/4"}],"replies":[{"embeddable":true,"href":"https:\/\/www.lintelligentdabidjan.info\/news\/wp-json\/wp\/v2\/comments?post=39190"}],"version-history":[{"count":1,"href":"https:\/\/www.lintelligentdabidjan.info\/news\/wp-json\/wp\/v2\/posts\/39190\/revisions"}],"predecessor-version":[{"id":39192,"href":"https:\/\/www.lintelligentdabidjan.info\/news\/wp-json\/wp\/v2\/posts\/39190\/revisions\/39192"}],"wp:featuredmedia":[{"embeddable":true,"href":"https:\/\/www.lintelligentdabidjan.info\/news\/wp-json\/wp\/v2\/media\/39191"}],"wp:attachment":[{"href":"https:\/\/www.lintelligentdabidjan.info\/news\/wp-json\/wp\/v2\/media?parent=39190"}],"wp:term":[{"taxonomy":"category","embeddable":true,"href":"https:\/\/www.lintelligentdabidjan.info\/news\/wp-json\/wp\/v2\/categories?post=39190"},{"taxonomy":"post_tag","embeddable":true,"href":"https:\/\/www.lintelligentdabidjan.info\/news\/wp-json\/wp\/v2\/tags?post=39190"}],"curies":[{"name":"wp","href":"https:\/\/api.w.org\/{rel}","templated":true}]}}