{"id":39201,"date":"2025-07-15T06:50:54","date_gmt":"2025-07-15T04:50:54","guid":{"rendered":"https:\/\/www.lintelligentdabidjan.info\/news\/?p=39201"},"modified":"2025-07-15T06:51:31","modified_gmt":"2025-07-15T04:51:31","slug":"lintelligent-en-pdf-interview-mariko-daouda-selectionneur-des-elephants-la-can-mini-foot-2025-en-libye-ne-sera-pas-facile","status":"publish","type":"post","link":"https:\/\/www.lintelligentdabidjan.info\/news\/lintelligent-en-pdf-interview-mariko-daouda-selectionneur-des-elephants-la-can-mini-foot-2025-en-libye-ne-sera-pas-facile\/","title":{"rendered":"L\u2019Intelligent en PDF :  Interview &#8211; Mariko Daouda , S\u00e9lectionneur des \u00c9l\u00e9phants  : \u00ab La Can Mini Foot 2025 en Libye ne sera pas facile \u00bb"},"content":{"rendered":"<p><strong>Champions d\u2019Afrique en 2018, les \u00c9l\u00e9phants de C\u00f4te d\u2019Ivoire sont de retour en Libye pour la CAN Minifoot 2025 avec une ambition claire : conqu\u00e9rir une deuxi\u00e8me \u00e9toile continentale. Face \u00e0 un groupe relev\u00e9 et un premier choc contre l\u2019Afrique du Sud, championne en titre, le s\u00e9lectionneur Mariko Daouda mise sur l\u2019exp\u00e9rience, l\u2019union et la d\u00e9termination pour \u00e9crire une nouvelle page d\u2019histoire. Il d\u00e9voile dans une interview, les coulisses de la pr\u00e9paration, le mental d\u2019une \u00e9quipe pr\u00eate \u00e0 se battre, et les d\u00e9fis d\u2019une comp\u00e9tition o\u00f9 rien ne sera facile. <\/strong><\/p>\n<p>Interview \u00e0 d\u00e9couvrir en ligne sur\u2026<\/p>\n<p><a href=\"https:\/\/news.abidjan.net\/titrologie\/39-lintelligent-dabidjan\/articles\" target=\"_blank\">https:\/\/news.abidjan.net\/titrologie\/39-lintelligent-dabidjan\/articles<\/a><\/p>\n<p>\u00c0 lire aussi ce que Bouak\u00e9 Fofana a dit \u00e0 Gb\u00e9d\u00e9gu\u00e9la sur l\u2019acc\u00e8s \u00e0 l\u2019eau potable, Les conseils de Jean-Paul Malan, \u00e0 l\u2019\u00e9cole de gendarmerie de Toroguh\u00e9, \u00e0 des jeunes recrues, 54145 candidats \u00e0 l\u2019assaut du BTS 2025 , Un Festival honore le Pape Jean Paul II et Kouassi Allui Di \u00e0 Abobo,<\/p>\n<p>Cliquez pour les d\u00e9tails<\/p>\n<p><a href=\"https:\/\/www.afrikipresse.fr\/abonnement\" target=\"_blank\">https:\/\/www.afrikipresse.fr\/abonnement<\/a><\/p>\n<p>\u00c0 voir \u00e9galement 155 militaires du rang re\u00e7oivent une formation qualifiante et kits et permis pour 422 jeunes \u00e0 Daloa dans le cadre du programme THIMO.<\/p>\n<p><a href=\"https:\/\/www.pressecotedivoire.fr\/titrologie\" target=\"_blank\">https:\/\/www.pressecotedivoire.fr\/titrologie<\/a><\/p>\n","protected":false},"excerpt":{"rendered":"<p>Champions d\u2019Afrique en 2018, les \u00c9l\u00e9phants de C\u00f4te d\u2019Ivoire sont de retour en Libye pour la CAN Minifoot 2025 avec une ambition claire : conqu\u00e9rir une deuxi\u00e8me \u00e9toile continentale. Face \u00e0 un groupe relev\u00e9 et un premier choc contre l\u2019Afrique du Sud, championne en titre, le s\u00e9lectionneur Mariko Daouda mise sur l\u2019exp\u00e9rience, l\u2019union et la [&hellip;]<\/p>\n","protected":false},"author":4,"featured_media":39203,"comment_status":"closed","ping_status":"closed","sticky":false,"template":"","format":"standard","meta":{"_monsterinsights_skip_tracking":false,"_monsterinsights_sitenote_active":false,"_monsterinsights_sitenote_note":"","_monsterinsights_sitenote_category":0,"footnotes":""},"categories":[2,3],"tags":[],"class_list":["post-39201","post","type-post","status-publish","format-standard","has-post-thumbnail","hentry","category-featured","category-societe"],"_links":{"self":[{"href":"https:\/\/www.lintelligentdabidjan.info\/news\/wp-json\/wp\/v2\/posts\/39201","targetHints":{"allow":["GET"]}}],"collection":[{"href":"https:\/\/www.lintelligentdabidjan.info\/news\/wp-json\/wp\/v2\/posts"}],"about":[{"href":"https:\/\/www.lintelligentdabidjan.info\/news\/wp-json\/wp\/v2\/types\/post"}],"author":[{"embeddable":true,"href":"https:\/\/www.lintelligentdabidjan.info\/news\/wp-json\/wp\/v2\/users\/4"}],"replies":[{"embeddable":true,"href":"https:\/\/www.lintelligentdabidjan.info\/news\/wp-json\/wp\/v2\/comments?post=39201"}],"version-history":[{"count":1,"href":"https:\/\/www.lintelligentdabidjan.info\/news\/wp-json\/wp\/v2\/posts\/39201\/revisions"}],"predecessor-version":[{"id":39204,"href":"https:\/\/www.lintelligentdabidjan.info\/news\/wp-json\/wp\/v2\/posts\/39201\/revisions\/39204"}],"wp:featuredmedia":[{"embeddable":true,"href":"https:\/\/www.lintelligentdabidjan.info\/news\/wp-json\/wp\/v2\/media\/39203"}],"wp:attachment":[{"href":"https:\/\/www.lintelligentdabidjan.info\/news\/wp-json\/wp\/v2\/media?parent=39201"}],"wp:term":[{"taxonomy":"category","embeddable":true,"href":"https:\/\/www.lintelligentdabidjan.info\/news\/wp-json\/wp\/v2\/categories?post=39201"},{"taxonomy":"post_tag","embeddable":true,"href":"https:\/\/www.lintelligentdabidjan.info\/news\/wp-json\/wp\/v2\/tags?post=39201"}],"curies":[{"name":"wp","href":"https:\/\/api.w.org\/{rel}","templated":true}]}}