{"id":39205,"date":"2025-07-16T02:11:27","date_gmt":"2025-07-16T00:11:27","guid":{"rendered":"https:\/\/www.lintelligentdabidjan.info\/news\/?p=39205"},"modified":"2025-07-16T02:11:39","modified_gmt":"2025-07-16T00:11:39","slug":"arrestation-du-journaliste-beninois-comlan-sossoukpe-reporters-sans-frontieres-et-lujpla-demandent-sa-liberation","status":"publish","type":"post","link":"https:\/\/www.lintelligentdabidjan.info\/news\/arrestation-du-journaliste-beninois-comlan-sossoukpe-reporters-sans-frontieres-et-lujpla-demandent-sa-liberation\/","title":{"rendered":"Arrestation du journaliste b\u00e9ninois Comlan Sossoukp\u00e8- Reporters sans fronti\u00e8res et l\u2019Ujpla demandent sa lib\u00e9ration"},"content":{"rendered":"<p><strong>Venu couvrir la premi\u00e8re \u00e9dition de l\u2019Ivoire Tech Forum \u00e0 Abidjan, en C\u00f4te d\u2019Ivoire, le journaliste b\u00e9ninois Hugues Comlan Sossoukp\u00e8, l\u2019une des voix critiques du pr\u00e9sident Patrice Talon, a \u00e9t\u00e9 arr\u00eat\u00e9 le jeudi 10 juillet 2025 \u00e0 son h\u00f4tel. Il a ensuite \u00e9t\u00e9 extrad\u00e9 au B\u00e9nin, o\u00f9 il a \u00e9t\u00e9 pr\u00e9sent\u00e9, le lundi 14 juillet 2025, au juge des libert\u00e9s et de la d\u00e9tention de la Cour de r\u00e9pression des infractions \u00e9conomiques et du terrorisme (Criet).<\/strong><\/p>\n<p>Invit\u00e9 par le minist\u00e8re ivoirien de la Transition num\u00e9rique et de la Digitalisation \u00e0 participer \u00e0 ce forum, Comlan Sossoukp\u00e8 \u00e9tait arriv\u00e9 \u00e0 Abidjan le mardi 8 juillet 2025, o\u00f9 il a \u00e9t\u00e9 accueilli et install\u00e9 par une d\u00e9l\u00e9gation officielle des organisateurs, en sa qualit\u00e9 de journaliste et directeur de publication du journal Olofofo. Le journaliste \u00e9tait r\u00e9fugi\u00e9 au Togo depuis 2019, car un mandat d\u2019arr\u00eat avait \u00e9t\u00e9 \u00e9mis par la Criet du B\u00e9nin contre lui.<\/p>\n<p><strong>R\u00e9action de Reporters sans fronti\u00e8res<\/strong><\/p>\n<p>Arnaud Froger, responsable du Bureau d\u2019investigation de Reporters sans fronti\u00e8res (RSF) a produit un communiqu\u00e9  dans lequel il a d\u00e9nonc\u00e9 cette arrestation. <\/p>\n<p>\u00ab RSF condamne avec la plus grande fermet\u00e9 l\u2019arrestation et la remise de Hugues Comlan Sossoukp\u00e8 par les autorit\u00e9s ivoiriennes aux autorit\u00e9s b\u00e9ninoises, en violation manifeste de son statut de r\u00e9fugi\u00e9. Nous exigeons des explications des autorit\u00e9s ivoiriennes, jusqu\u2019alors silencieuses \u00e0 ce sujet, et qui se sont rendues manifestement complices de la pers\u00e9cution bien \u00e9tablie d\u2019un reporter en d\u00e9ployant des moyens consid\u00e9rables pour le livrer au B\u00e9nin. RSF appelle \u00e0 la lib\u00e9ration imm\u00e9diate du journaliste et se r\u00e9serve le droit d\u2019engager toute action n\u00e9cessaire pour que la coop\u00e9ration bilat\u00e9rale entre deux pays ne soit pas d\u00e9tourn\u00e9e \u00e0 des fins de r\u00e9pression transfrontali\u00e8re contre les professionnels de l\u2019information. \u00bb<\/p>\n<p><strong>R\u00e9action de l\u2019Union des journalistes de la presse libre africaine<\/strong><\/p>\n<p>Yao No\u00ebl, pr\u00e9sident de l\u2019Union des journalistes de la presse libre africaine (Ujpla), a exprim\u00e9 son inqui\u00e9tude quant \u00e0 la situation du journaliste b\u00e9ninois.  \u00ab L\u2019 Ujpla commence \u00e0 avoir des inqui\u00e9tudes s\u00e9rieuses, parce que, d\u00e9j\u00e0 au mois d\u2019ao\u00fbt 2024, un autre cyberactiviste, le fr\u00e8re Hounvi, avait \u00e9t\u00e9 enlev\u00e9 au Ghana et extrad\u00e9 vers le B\u00e9nin, o\u00f9 il a \u00e9t\u00e9 incarc\u00e9r\u00e9, jug\u00e9 et condamn\u00e9 \u00e0 deux ans d\u2019emprisonnement et un million de francs CFA d\u2019amende. Est-ce que c\u2019est devenu le mode op\u00e9ratoire toujours vers la m\u00eame destination  b\u00e9ninoise ? L\u2019 Ujpla voudrait vraiment se pr\u00e9occuper  de cette situation pour ne pas que cela devienne  le mode op\u00e9ration pour faire taire des voix dissidentes ou critiques \u00bb, a dit  Yao No\u00ebl, pr\u00e9sident de l\u2019Ujpla, sur les antennes  d\u2019une Radio.<\/p>\n<p><strong>R\u00e9actions de ses avocats<\/strong><\/p>\n<p>Le coll\u00e8ge d\u2019avocats de  Comlan Hugues Sossoukp\u00e8 a produit une d\u00e9claration pour s&#8217;insurger contre son arrestation. <\/p>\n<p>\u00ab Le Coll\u00e8ge d\u2019avocats, soussign\u00e9, exprime sa plus vive pr\u00e9occupation quant \u00e0 la situation particuli\u00e8rement pr\u00e9occupante de Monsieur Comlan Hugues Sossoukp\u00e8, journaliste b\u00e9ninois, d\u00e9fenseur des droits humains et lanceur d\u2019alerte, exil\u00e9 \u00e0 Lom\u00e9 (Togo) et b\u00e9n\u00e9ficiant, depuis 2019, du statut de r\u00e9fugi\u00e9, conform\u00e9ment \u00e0 la Convention de Gen\u00e8ve du 28 juillet 1951 relative au statut des r\u00e9fugi\u00e9s. (\u2026) Nous pr\u00e9cisons, avec la plus grande fermet\u00e9, que toute interpellation de Monsieur Sossoukp\u00e8, op\u00e9r\u00e9e en violation de son statut de prot\u00e9g\u00e9 international, hors de toute proc\u00e9dure judiciaire r\u00e9guli\u00e8re et sans l\u2019assistance d\u2019un avocat, ne saurait, en aucun cas, \u00eatre consid\u00e9r\u00e9e comme une interpellation, une extradition ou une d\u00e9tention provisoire au sens du droit \u00bb, peut-on lire dans le communiqu\u00e9.<\/p>\n<p>Puis, le Coll\u00e8ge d\u2019avocats pr\u00e9cise :<\/p>\n<p>\u00ab D\u00e8s le 11 juillet 2025, plusieurs titres de presse b\u00e9ninoise, relay\u00e9s par les r\u00e9seaux sociaux, ont rapport\u00e9 son interpellation par les autorit\u00e9s ivoiriennes, suivie de sa remise imm\u00e9diate aux autorit\u00e9s b\u00e9ninoises. Selon ces m\u00eames sources, il aurait \u00e9t\u00e9 pr\u00e9sent\u00e9 au procureur sp\u00e9cial pr\u00e8s la Cour de r\u00e9pression des infractions \u00e9conomiques et du terrorisme du B\u00e9nin (CRIET) et aurait fait l\u2019objet d\u2019un mandat de d\u00e9p\u00f4t. Effectivement, Monsieur Comlan Hugues Sossoukp\u00e8 est actuellement d\u00e9tenu \u00e0 la prison civile de Ouidah (B\u00e9nin). <\/p>\n<p><strong>R\u00e9action du gouvernement B\u00e9ninois<\/strong><\/p>\n<p>Wilfried\u202fL\u00e9andre\u202fHOUNGB\u00c9DJI, porte parole du gouvernement du B\u00e9nin  r\u00e9agissant sur le sujet le lundi 14 juillet 2025 \u00e0 Cotonou,  a lanc\u00e9 un appel vibrant au patriotisme, en demandant aux citoyens \u2013 en particulier certains web activistes \u2013 d\u2019agir avec responsabilit\u00e9 et discernement, et a d\u00e9nonc\u00e9 ceux qu\u2019il a qualifi\u00e9s de \u00ab\u202fsupp\u00f4ts de l\u2019ennemi\u202f\u00bb pour avoir diffus\u00e9, selon lui, des rumeurs infond\u00e9es sous couvert de libert\u00e9 d\u2019expression sur les r\u00e9seaux sociaux <\/p>\n<p>Il a affirm\u00e9 que ces actions \u00e9taient, selon lui, orchestr\u00e9es par des officines \u00e9trang\u00e8res visant \u00e0 d\u00e9stabiliser le B\u00e9nin et \u00e0 saper son unit\u00e9 nationale <\/p>\n<p>Il a soulign\u00e9 l\u2019importance de l\u2019unit\u00e9 nationale, appelant chacun \u00e0 \u00ab\u202faimer le B\u00e9nin, le ch\u00e9rir\u202f\u00bb, d\u00e9crivant le patriotisme comme \u00ab\u202fnotre premi\u00e8re religion, notre premier parti politique\u202f\u00bb <\/p>\n<p><strong>Mamadou Ouattara<\/strong><\/p>\n","protected":false},"excerpt":{"rendered":"<p>Venu couvrir la premi\u00e8re \u00e9dition de l\u2019Ivoire Tech Forum \u00e0 Abidjan, en C\u00f4te d\u2019Ivoire, le journaliste b\u00e9ninois Hugues Comlan Sossoukp\u00e8, l\u2019une des voix critiques du pr\u00e9sident Patrice Talon, a \u00e9t\u00e9 arr\u00eat\u00e9 le jeudi 10 juillet 2025 \u00e0 son h\u00f4tel. Il a ensuite \u00e9t\u00e9 extrad\u00e9 au B\u00e9nin, o\u00f9 il a \u00e9t\u00e9 pr\u00e9sent\u00e9, le lundi 14 juillet [&hellip;]<\/p>\n","protected":false},"author":4,"featured_media":39206,"comment_status":"closed","ping_status":"closed","sticky":false,"template":"","format":"standard","meta":{"_monsterinsights_skip_tracking":false,"_monsterinsights_sitenote_active":false,"_monsterinsights_sitenote_note":"","_monsterinsights_sitenote_category":0,"footnotes":""},"categories":[2,1,3],"tags":[4464,5673,5672,5675,1662,5674],"class_list":["post-39205","post","type-post","status-publish","format-standard","has-post-thumbnail","hentry","category-featured","category-actualites","category-societe","tag-arrestation","tag-comlan-sossoukpe","tag-journaliste-beninois","tag-lujpla","tag-liberation","tag-reporters"],"_links":{"self":[{"href":"https:\/\/www.lintelligentdabidjan.info\/news\/wp-json\/wp\/v2\/posts\/39205","targetHints":{"allow":["GET"]}}],"collection":[{"href":"https:\/\/www.lintelligentdabidjan.info\/news\/wp-json\/wp\/v2\/posts"}],"about":[{"href":"https:\/\/www.lintelligentdabidjan.info\/news\/wp-json\/wp\/v2\/types\/post"}],"author":[{"embeddable":true,"href":"https:\/\/www.lintelligentdabidjan.info\/news\/wp-json\/wp\/v2\/users\/4"}],"replies":[{"embeddable":true,"href":"https:\/\/www.lintelligentdabidjan.info\/news\/wp-json\/wp\/v2\/comments?post=39205"}],"version-history":[{"count":1,"href":"https:\/\/www.lintelligentdabidjan.info\/news\/wp-json\/wp\/v2\/posts\/39205\/revisions"}],"predecessor-version":[{"id":39207,"href":"https:\/\/www.lintelligentdabidjan.info\/news\/wp-json\/wp\/v2\/posts\/39205\/revisions\/39207"}],"wp:featuredmedia":[{"embeddable":true,"href":"https:\/\/www.lintelligentdabidjan.info\/news\/wp-json\/wp\/v2\/media\/39206"}],"wp:attachment":[{"href":"https:\/\/www.lintelligentdabidjan.info\/news\/wp-json\/wp\/v2\/media?parent=39205"}],"wp:term":[{"taxonomy":"category","embeddable":true,"href":"https:\/\/www.lintelligentdabidjan.info\/news\/wp-json\/wp\/v2\/categories?post=39205"},{"taxonomy":"post_tag","embeddable":true,"href":"https:\/\/www.lintelligentdabidjan.info\/news\/wp-json\/wp\/v2\/tags?post=39205"}],"curies":[{"name":"wp","href":"https:\/\/api.w.org\/{rel}","templated":true}]}}