{"id":39243,"date":"2025-07-17T02:47:39","date_gmt":"2025-07-17T00:47:39","guid":{"rendered":"https:\/\/www.lintelligentdabidjan.info\/news\/?p=39243"},"modified":"2025-07-17T02:48:36","modified_gmt":"2025-07-17T00:48:36","slug":"alerte-precoce-les-awards-des-meilleurs-moniteurs-pour-valoriser-lengagement-citoyen","status":"publish","type":"post","link":"https:\/\/www.lintelligentdabidjan.info\/news\/alerte-precoce-les-awards-des-meilleurs-moniteurs-pour-valoriser-lengagement-citoyen\/","title":{"rendered":"Alerte pr\u00e9coce &#8211;  Les &#8220;Awards des meilleurs moniteurs&#8221; pour valoriser l&#8217;engagement citoyen"},"content":{"rendered":"<p><em><strong>Le minist\u00e8re de la Coh\u00e9sion sociale, de la Solidarit\u00e9 et de la Lutte contre la pauvret\u00e9 a proc\u00e9d\u00e9, le mardi 15 juillet 2025, dans ses locaux situ\u00e9s \u00e0 Abidjan-Plateau, au lancement officiel du concours national des Awards des meilleurs moniteurs. Cette initiative, port\u00e9e par l\u2019Observatoire de la solidarit\u00e9 et de la coh\u00e9sion sociale (OSCS), vise \u00e0 reconna\u00eetre et r\u00e9compenser l\u2019engagement des volontaires \u0153uvrant dans le cadre du M\u00e9canisme d\u2019Alerte Pr\u00e9coce.<\/strong><\/em><\/p>\n<p>Selon Myss Belmonde Dogo, ces moniteurs et monitrices permettent \u00e0 l\u2019\u00c9tat de rester inform\u00e9 afin d\u2019agir efficacement. \u00ab \u00c0 travers tout le pays, plus de 12 800 monitrices et moniteurs b\u00e9n\u00e9voles s\u2019activent quotidiennement pour signaler les situations de vuln\u00e9rabilit\u00e9, les crises locales ou encore les catastrophes naturelles. Gr\u00e2ce \u00e0 leur action, les autorit\u00e9s peuvent r\u00e9agir rapidement et efficacement \u00bb, a-t-elle indiqu\u00e9, avant de pr\u00e9ciser : \u00ab Leur contribution est \u00e9galement pr\u00e9cieuse pour la constitution d\u2019une base de donn\u00e9es nationale sur la solidarit\u00e9 et la coh\u00e9sion sociale, un outil strat\u00e9gique qui permet de mieux orienter les politiques publiques. \u00bb<\/p>\n<p>Lors de la c\u00e9r\u00e9monie, Myss Belmonde Dogo ministre de la Coh\u00e9sion sociale, de la Solidarit\u00e9 et de la lutte contre la pauvret\u00e9 a salu\u00e9 l\u2019abn\u00e9gation et le sens du devoir de ces citoyens engag\u00e9s qui agissent sans attendre de compensation. Elle leur a exprim\u00e9 sa profonde gratitude, soulignant que leurs efforts sauvent des vies, soutiennent des familles sinistr\u00e9es et renforcent la r\u00e9silience des communaut\u00e9s. Le concours, qui se d\u00e9roulera jusqu\u2019au 31 d\u00e9cembre 2025, mettra en lumi\u00e8re les meilleurs moniteurs dans toutes les zones de surveillance du pays, ainsi qu\u2019\u00e0 l\u2019\u00e9chelle nationale. Les laur\u00e9ats recevront des r\u00e9compenses financi\u00e8res destin\u00e9es \u00e0 reconna\u00eetre leur engagement et \u00e0 soutenir leurs activit\u00e9s g\u00e9n\u00e9ratrices de revenus, dans une perspective de lutte contre la pauvret\u00e9. La ministre a \u00e9galement lanc\u00e9 un appel \u00e0 une mobilisation collective autour de l\u2019alerte pr\u00e9coce, soulignant l\u2019importance de l\u2019implication de tous les citoyens pour renforcer le m\u00e9canisme et assurer une meilleure r\u00e9ponse aux situations d\u2019urgence. Elle a enfin souhait\u00e9 un franc succ\u00e8s \u00e0 cette premi\u00e8re \u00e9dition des Awards des Meilleurs Moniteurs, esp\u00e9rant qu\u2019elle suscitera une v\u00e9ritable dynamique nationale en faveur de la vigilance communautaire et de la solidarit\u00e9 publique. \u00ab Je formule le v\u0153u que ces Awards connaissent un engouement exceptionnel\u2026 Et que les meilleurs gagnent ! \u00bb, a-t-elle conclu. Le vainqueur aura une r\u00e9compense d\u2019un million et des privil\u00e8ges. Tous les laur\u00e9ats seront mis \u00e0 la disposition du minist\u00e8re de la jeunesse pour une prise en charge.<\/p>\n<p><strong>Olivier Dion avec G\u00e9rard Batoua <\/strong><\/p>\n","protected":false},"excerpt":{"rendered":"<p>Le minist\u00e8re de la Coh\u00e9sion sociale, de la Solidarit\u00e9 et de la Lutte contre la pauvret\u00e9 a proc\u00e9d\u00e9, le mardi 15 juillet 2025, dans ses locaux situ\u00e9s \u00e0 Abidjan-Plateau, au lancement officiel du concours national des Awards des meilleurs moniteurs. Cette initiative, port\u00e9e par l\u2019Observatoire de la solidarit\u00e9 et de la coh\u00e9sion sociale (OSCS), vise [&hellip;]<\/p>\n","protected":false},"author":4,"featured_media":39244,"comment_status":"closed","ping_status":"closed","sticky":false,"template":"","format":"standard","meta":{"_monsterinsights_skip_tracking":false,"_monsterinsights_sitenote_active":false,"_monsterinsights_sitenote_note":"","_monsterinsights_sitenote_category":0,"footnotes":""},"categories":[2,3],"tags":[371,1943,2052,5680],"class_list":["post-39243","post","type-post","status-publish","format-standard","has-post-thumbnail","hentry","category-featured","category-societe","tag-awards","tag-citoyen","tag-meilleurs","tag-moniteurs"],"_links":{"self":[{"href":"https:\/\/www.lintelligentdabidjan.info\/news\/wp-json\/wp\/v2\/posts\/39243","targetHints":{"allow":["GET"]}}],"collection":[{"href":"https:\/\/www.lintelligentdabidjan.info\/news\/wp-json\/wp\/v2\/posts"}],"about":[{"href":"https:\/\/www.lintelligentdabidjan.info\/news\/wp-json\/wp\/v2\/types\/post"}],"author":[{"embeddable":true,"href":"https:\/\/www.lintelligentdabidjan.info\/news\/wp-json\/wp\/v2\/users\/4"}],"replies":[{"embeddable":true,"href":"https:\/\/www.lintelligentdabidjan.info\/news\/wp-json\/wp\/v2\/comments?post=39243"}],"version-history":[{"count":1,"href":"https:\/\/www.lintelligentdabidjan.info\/news\/wp-json\/wp\/v2\/posts\/39243\/revisions"}],"predecessor-version":[{"id":39245,"href":"https:\/\/www.lintelligentdabidjan.info\/news\/wp-json\/wp\/v2\/posts\/39243\/revisions\/39245"}],"wp:featuredmedia":[{"embeddable":true,"href":"https:\/\/www.lintelligentdabidjan.info\/news\/wp-json\/wp\/v2\/media\/39244"}],"wp:attachment":[{"href":"https:\/\/www.lintelligentdabidjan.info\/news\/wp-json\/wp\/v2\/media?parent=39243"}],"wp:term":[{"taxonomy":"category","embeddable":true,"href":"https:\/\/www.lintelligentdabidjan.info\/news\/wp-json\/wp\/v2\/categories?post=39243"},{"taxonomy":"post_tag","embeddable":true,"href":"https:\/\/www.lintelligentdabidjan.info\/news\/wp-json\/wp\/v2\/tags?post=39243"}],"curies":[{"name":"wp","href":"https:\/\/api.w.org\/{rel}","templated":true}]}}