{"id":39260,"date":"2025-07-18T07:53:15","date_gmt":"2025-07-18T05:53:15","guid":{"rendered":"https:\/\/www.lintelligentdabidjan.info\/news\/?p=39260"},"modified":"2025-07-18T07:53:19","modified_gmt":"2025-07-18T05:53:19","slug":"istc-polytechnique-hamadou-coulibaly-obtient-un-master","status":"publish","type":"post","link":"https:\/\/www.lintelligentdabidjan.info\/news\/istc-polytechnique-hamadou-coulibaly-obtient-un-master\/","title":{"rendered":"ISTC Polytechnique :  Hamadou Coulibaly obtient un Master"},"content":{"rendered":"<p><strong>Hamadou Coulibaly a obtenu un Master \u00e0 l\u2019ISTC Polytechnique \u00e0 Abidjan-Cocody.<\/strong><\/p>\n<p>Hamadou Djibril Coulibaly, le directeur des ressources humaines et comptable de Socef-Ntic, la soci\u00e9t\u00e9 \u00e9ditrice du quotidien L\u2019Intelligent d\u2019Abidjan, est officiellement d\u00e9tenteur d\u2019un Executive Master en management des entreprises de m\u00e9dia. Il a re\u00e7u son dipl\u00f4me le jeudi 17 juillet 2025 \u00e0 l\u2019ISTC Polytechnique \u00e0 Abidjan-Cocody, \u00e0 l\u2019occasion d\u2019une c\u00e9r\u00e9monie de graduation. \u00ab Je suis \u00e9mu. J\u2019esp\u00e8re avoir pris connaissance de tout ce qui est en jeu dans notre m\u00e9tier. Je pense pouvoir mettre \u00e0 profit tout ce que j\u2019ai appris dans ma profession, c\u2019est-\u00e0-dire la gestion des ressources humaines dans le groupe L\u2019Intelligent d\u2019Abidjan. Mes premiers mots sont des mots de reconnaissance, des mots de remerciements \u00e0 l\u2019endroit du DG de L\u2019Intelligent d\u2019Abidjan, de mon \u00e9pouse, et pour tous mes coll\u00e8gues qui m\u2019ont soutenu jusqu\u2019\u00e0 ce jour o\u00f9 je sors du tunnel avec ce dipl\u00f4me \u00bb, a r\u00e9agi Hamadou Djibril Coulibaly. Il a obtenu la mention assez bien, \u00e0 l\u2019issue de la soutenance de son m\u00e9moire le 28 janvier 2025. Il a re\u00e7u son dipl\u00f4me en m\u00eame temps que 17 autres auditeurs qui ont pris part au programme de formation dispens\u00e9 par l\u2019ISTC pendant l\u2019ann\u00e9e acad\u00e9mique 2023-2024. Un programme initi\u00e9 par l\u2019ISTC Polytechnique et l\u2019Agence de soutien et de d\u00e9veloppement des m\u00e9dias (ASDM), qui vise \u00e0 renforcer les capacit\u00e9s des professionnels des m\u00e9dias et des journalistes.<\/p>\n<p>Amadou Coulibaly, ministre de la Communication, \u00e9tait repr\u00e9sent\u00e9 \u00e0 la c\u00e9r\u00e9monie par Agn\u00e8s Kraidy, sa conseill\u00e8re technique. Lors de cette c\u00e9r\u00e9monie, les nouveaux dipl\u00f4m\u00e9s \u00e9taient accompagn\u00e9s de parents, amis et collaborateurs. Agn\u00e8s Kraidy a f\u00e9licit\u00e9 les nouveaux dipl\u00f4m\u00e9s : \u00ab Je vous f\u00e9licite pour votre pers\u00e9v\u00e9rance, car j\u2019ai conscience des efforts fournis. Ce programme a \u00e9t\u00e9 sp\u00e9cifiquement con\u00e7u pour vous, professionnels de la communication et des m\u00e9dias. Il t\u00e9moigne de notre engagement commun \u00e0 renforcer les capacit\u00e9s des acteurs m\u00e9diatiques et \u00e0 les doter des outils n\u00e9cessaires pour relever les d\u00e9fis d\u2019un secteur en perp\u00e9tuelle mutation \u00bb, a-t-elle fait savoir.<\/p>\n<p>Camara Bangaly, directeur de la planification de l\u2019ASDM, repr\u00e9sentant le DG M\u00e9it\u00e9 Sindou, a lui aussi soulign\u00e9 l\u2019importance de ce Master : \u00ab Nous sommes convaincus \u00e0 l\u2019ASDM qu\u2019aborder la question du capital humain des m\u00e9dias, c\u2019est embrasser \u00e0 la fois la fonction de management de ces organisations et de tous les autres supports internalis\u00e9s, telles que celles des ressources humaines, de l\u2019administration et des finances, des achats et des moyens g\u00e9n\u00e9raux, des syst\u00e8mes d\u2019information, du contr\u00f4le de gestion, du marketing et du commercial, ainsi que son corps de m\u00e9tier d\u2019informer qu\u2019est le journalisme. Cela, dans un environnement dont la cha\u00eene de valeur, qui consiste \u00e0 collecter, traiter et diffuser, se trouve \u00eatre l\u2019une des plus directement impact\u00e9es par les \u00e9volutions des technologies de l\u2019information et de la communication. Ce qui impose une bonne part du capital humain de ce secteur de s\u2019inscrire dans un cadre de formation permanente \u00bb, a-t-il fait savoir.<\/p>\n<p><strong>Jean-Hubert Koffo<\/strong><\/p>\n","protected":false},"excerpt":{"rendered":"<p>Hamadou Coulibaly a obtenu un Master \u00e0 l\u2019ISTC Polytechnique \u00e0 Abidjan-Cocody. Hamadou Djibril Coulibaly, le directeur des ressources humaines et comptable de Socef-Ntic, la soci\u00e9t\u00e9 \u00e9ditrice du quotidien L\u2019Intelligent d\u2019Abidjan, est officiellement d\u00e9tenteur d\u2019un Executive Master en management des entreprises de m\u00e9dia. Il a re\u00e7u son dipl\u00f4me le jeudi 17 juillet 2025 \u00e0 l\u2019ISTC Polytechnique [&hellip;]<\/p>\n","protected":false},"author":4,"featured_media":39261,"comment_status":"closed","ping_status":"closed","sticky":false,"template":"","format":"standard","meta":{"_monsterinsights_skip_tracking":false,"_monsterinsights_sitenote_active":false,"_monsterinsights_sitenote_note":"","_monsterinsights_sitenote_category":0,"footnotes":""},"categories":[2,3],"tags":[5697,5696,5698],"class_list":["post-39260","post","type-post","status-publish","format-standard","has-post-thumbnail","hentry","category-featured","category-societe","tag-hamadou-coulibaly","tag-istc-polytechnique","tag-master"],"_links":{"self":[{"href":"https:\/\/www.lintelligentdabidjan.info\/news\/wp-json\/wp\/v2\/posts\/39260","targetHints":{"allow":["GET"]}}],"collection":[{"href":"https:\/\/www.lintelligentdabidjan.info\/news\/wp-json\/wp\/v2\/posts"}],"about":[{"href":"https:\/\/www.lintelligentdabidjan.info\/news\/wp-json\/wp\/v2\/types\/post"}],"author":[{"embeddable":true,"href":"https:\/\/www.lintelligentdabidjan.info\/news\/wp-json\/wp\/v2\/users\/4"}],"replies":[{"embeddable":true,"href":"https:\/\/www.lintelligentdabidjan.info\/news\/wp-json\/wp\/v2\/comments?post=39260"}],"version-history":[{"count":1,"href":"https:\/\/www.lintelligentdabidjan.info\/news\/wp-json\/wp\/v2\/posts\/39260\/revisions"}],"predecessor-version":[{"id":39262,"href":"https:\/\/www.lintelligentdabidjan.info\/news\/wp-json\/wp\/v2\/posts\/39260\/revisions\/39262"}],"wp:featuredmedia":[{"embeddable":true,"href":"https:\/\/www.lintelligentdabidjan.info\/news\/wp-json\/wp\/v2\/media\/39261"}],"wp:attachment":[{"href":"https:\/\/www.lintelligentdabidjan.info\/news\/wp-json\/wp\/v2\/media?parent=39260"}],"wp:term":[{"taxonomy":"category","embeddable":true,"href":"https:\/\/www.lintelligentdabidjan.info\/news\/wp-json\/wp\/v2\/categories?post=39260"},{"taxonomy":"post_tag","embeddable":true,"href":"https:\/\/www.lintelligentdabidjan.info\/news\/wp-json\/wp\/v2\/tags?post=39260"}],"curies":[{"name":"wp","href":"https:\/\/api.w.org\/{rel}","templated":true}]}}