{"id":39269,"date":"2025-07-18T08:02:52","date_gmt":"2025-07-18T06:02:52","guid":{"rendered":"https:\/\/www.lintelligentdabidjan.info\/news\/?p=39269"},"modified":"2025-07-18T12:52:50","modified_gmt":"2025-07-18T10:52:50","slug":"assemblee-generale-de-lafricatip-a-abidjan-fabrice-coulibaly-elu-president-de-la-faitiere-des-agences-africaines-des-travaux-dinteret-public","status":"publish","type":"post","link":"https:\/\/www.lintelligentdabidjan.info\/news\/assemblee-generale-de-lafricatip-a-abidjan-fabrice-coulibaly-elu-president-de-la-faitiere-des-agences-africaines-des-travaux-dinteret-public\/","title":{"rendered":"Assembl\u00e9e g\u00e9n\u00e9rale de l\u2019AFRICATIP \u00e0 Abidjan- Fabrice Coulibaly \u00e9lu pr\u00e9sident de la fa\u00eeti\u00e8re des agences africaines des travaux d\u2019int\u00e9r\u00eat public"},"content":{"rendered":"<p><em><strong>Le directeur g\u00e9n\u00e9ral de l\u2019Agence de gestion des routes de C\u00f4te d\u2019Ivoire (AGEROUTE), Fabrice Coulibaly, est le nouveau pr\u00e9sident de l\u2019Association africaine des agences des travaux d\u2019int\u00e9r\u00eat public (AFRICATIP), dont la 40\u1d49 assembl\u00e9e g\u00e9n\u00e9rale s\u2019est ouverte le mardi 15 juillet 2025 \u00e0 Abidjan.<\/strong><\/em><\/p>\n<p>Les membres de l\u2019AFRICATIP ont proc\u00e9d\u00e9 \u00e0 l\u2019\u00e9lection de leur nouveau pr\u00e9sident le mercredi 16 juillet 2025, \u00e0 Abidjan. L\u2019Ivoirien Fabrice Coulibaly, directeur g\u00e9n\u00e9ral de l\u2019AGEROUTE, succ\u00e8de au S\u00e9n\u00e9galais El Hadj Malick Gaye.<\/p>\n<p>\u00ab Mes premiers mots sont des mots de gratitude et de reconnaissance \u00e0 l\u2019endroit de mes pairs qui ont bien voulu porter leur choix sur ma modeste personne. Je suis \u00e0 la t\u00eate de l\u2019AGEROUTE depuis 4 ans, cela fait donc 4 ans que je suis membre de l\u2019AFRICATIP et apr\u00e8s ces 4 ann\u00e9es, vous avez bien voulu me confier la destin\u00e9e de cette association pour deux ans. Les d\u00e9fis sont nombreux, les mutations dans tous les secteurs appellent \u00e0 ce que nous puissions innover, elles appellent aussi beaucoup de lobbying et de diplomatie pour permettre \u00e0 ce r\u00e9seau de continuer \u00e0 s\u2019\u00e9tendre, en termes d\u2019adh\u00e9sions \u00bb, a d\u00e9clar\u00e9 Fabrice Coulibaly, apr\u00e8s son \u00e9lection par les repr\u00e9sentants des huit pays membres de l\u2019association pr\u00e9sents en C\u00f4te d\u2019Ivoire : le S\u00e9n\u00e9gal, le Rwanda, la Mauritanie, le B\u00e9nin, le Mali, la Guin\u00e9e, le Niger et la Gambie.<\/p>\n<p><strong>\u00ab Il est indispensable que nos agences s\u2019adaptent et se r\u00e9inventent \u00bb<\/strong><\/p>\n<p>Lors de la c\u00e9r\u00e9monie d\u2019ouverture de cette 40\u1d49 assembl\u00e9e g\u00e9n\u00e9rale, le mardi 15 juillet 2025 au Sofitel H\u00f4tel Ivoire d\u2019Abidjan, le Dr Amed\u00e9 Koffi Kouakou, ministre de l\u2019\u00c9quipement et de l\u2019Entretien routier, a rappel\u00e9 les enjeux de ces assises, qui s\u2019ach\u00e8vent le jeudi 17 juillet 2025, apr\u00e8s celles de 2014 \u00e9galement organis\u00e9es en C\u00f4te d\u2019Ivoire :<br \/>\n\u00ab Le cadre juridique qui encadre traditionnellement l\u2019ex\u00e9cution des travaux d\u2019infrastructures dans la majorit\u00e9 des pays membres de l\u2019AFRICATIP repose sur le m\u00e9canisme de la ma\u00eetrise d\u2019ouvrage d\u00e9l\u00e9gu\u00e9e (MOD).<br \/>\nCe mode de gouvernance, qui traduit en r\u00e9alit\u00e9 une prise de recul de l\u2019\u00c9tat dans l\u2019ex\u00e9cution directe des projets depuis le milieu des ann\u00e9es 1990, a suscit\u00e9, selon les contextes, des appr\u00e9ciations diverses et produit des r\u00e9sultats contrast\u00e9s. Aujourd\u2019hui plus que jamais, une r\u00e9flexion approfondie s\u2019impose sur l\u2019efficacit\u00e9, la p\u00e9rennit\u00e9 et l\u2019\u00e9volution de ce dispositif. C\u2019est en cela que votre th\u00e8me retenu pour cette 40\u1d49 assembl\u00e9e g\u00e9n\u00e9rale, \u201cL\u2019avenir de la ma\u00eetrise d\u2019ouvrage d\u00e9l\u00e9gu\u00e9e et le devenir des agences\u201d, trouve toute sa pertinence et son actualit\u00e9.<br \/>\nCe th\u00e8me soul\u00e8ve une probl\u00e9matique commune \u00e0 l\u2019ensemble de vos agences, dans un contexte o\u00f9 le continent africain fait face \u00e0 d\u2019immenses d\u00e9fis mais aussi \u00e0 d\u2019importantes opportunit\u00e9s en mati\u00e8re de d\u00e9veloppement d\u2019infrastructures et de conduite de projets structurants.<br \/>\nIl devient ainsi imp\u00e9ratif, pour nous Africains, de concevoir, planifier et mettre en \u0153uvre nos projets d\u2019infrastructures avec des outils mieux adapt\u00e9s \u00e0 nos r\u00e9alit\u00e9s locales, \u00e0 nos ressources sp\u00e9cifiques et \u00e0 nos exigences environnementales (\u2026) Au regard des mutations actuelles, qu\u2019il s\u2019agisse de l\u2019\u00e9volution des besoins sociaux, des imp\u00e9ratifs de qualit\u00e9, de l\u2019\u00e9mergence des technologies num\u00e9riques ou encore des exigences li\u00e9es \u00e0 la r\u00e9silience climatique, il est aujourd\u2019hui indispensable que nos agences s\u2019adaptent et se r\u00e9inventent. \u00bb<\/p>\n<p><strong>Des priorit\u00e9s claires, selon El Hadj Malick Gaye<\/strong><\/p>\n<p>Le pr\u00e9sident sortant de l\u2019AFRICATIP, El Hadj Malick Gaye, a soulign\u00e9 les priorit\u00e9s dans l\u2019ex\u00e9cution des travaux d\u2019int\u00e9r\u00eat public \u00e0 travers la ma\u00eetrise d\u2019ouvrage d\u00e9l\u00e9gu\u00e9e (MOD) :<br \/>\n\u00ab Nos priorit\u00e9s sont claires : red\u00e9finir et renforcer notre partenariat avec les \u00c9tats et les bailleurs de fonds, consolider les capacit\u00e9s techniques et financi\u00e8res de nos agences, mobiliser des financements innovants pour diversifier nos ressources et garantir notre autonomie, et maintenir la ma\u00eetrise d\u2019ouvrage d\u00e9l\u00e9gu\u00e9e comme un outil cr\u00e9dible et efficace au service du d\u00e9veloppement. \u00bb<\/p>\n<p>Fabrice Coulibaly a salu\u00e9 la professionnalisation de la gestion des projets publics gr\u00e2ce \u00e0 la cr\u00e9ation des agences africaines charg\u00e9es de leur ex\u00e9cution. Il a souhait\u00e9 que cette assembl\u00e9e g\u00e9n\u00e9rale soit l\u2019occasion d\u2019\u00e9valuer les d\u00e9fis et d\u2019en d\u00e9gager de nouvelles perspectives.<\/p>\n<p><strong>Olivier Dion<\/strong><\/p>\n","protected":false},"excerpt":{"rendered":"<p>Le directeur g\u00e9n\u00e9ral de l\u2019Agence de gestion des routes de C\u00f4te d\u2019Ivoire (AGEROUTE), Fabrice Coulibaly, est le nouveau pr\u00e9sident de l\u2019Association africaine des agences des travaux d\u2019int\u00e9r\u00eat public (AFRICATIP), dont la 40\u1d49 assembl\u00e9e g\u00e9n\u00e9rale s\u2019est ouverte le mardi 15 juillet 2025 \u00e0 Abidjan. Les membres de l\u2019AFRICATIP ont proc\u00e9d\u00e9 \u00e0 l\u2019\u00e9lection de leur nouveau pr\u00e9sident [&hellip;]<\/p>\n","protected":false},"author":4,"featured_media":39279,"comment_status":"closed","ping_status":"closed","sticky":false,"template":"","format":"standard","meta":{"_monsterinsights_skip_tracking":false,"_monsterinsights_sitenote_active":false,"_monsterinsights_sitenote_note":"","_monsterinsights_sitenote_category":0,"footnotes":""},"categories":[2,3],"tags":[200,5705,5707,5706,5708],"class_list":["post-39269","post","type-post","status-publish","format-standard","has-post-thumbnail","hentry","category-featured","category-societe","tag-abidjan","tag-africatip","tag-agences-africaines","tag-fabrice-coulibaly","tag-travaux-dinteret-public"],"_links":{"self":[{"href":"https:\/\/www.lintelligentdabidjan.info\/news\/wp-json\/wp\/v2\/posts\/39269","targetHints":{"allow":["GET"]}}],"collection":[{"href":"https:\/\/www.lintelligentdabidjan.info\/news\/wp-json\/wp\/v2\/posts"}],"about":[{"href":"https:\/\/www.lintelligentdabidjan.info\/news\/wp-json\/wp\/v2\/types\/post"}],"author":[{"embeddable":true,"href":"https:\/\/www.lintelligentdabidjan.info\/news\/wp-json\/wp\/v2\/users\/4"}],"replies":[{"embeddable":true,"href":"https:\/\/www.lintelligentdabidjan.info\/news\/wp-json\/wp\/v2\/comments?post=39269"}],"version-history":[{"count":3,"href":"https:\/\/www.lintelligentdabidjan.info\/news\/wp-json\/wp\/v2\/posts\/39269\/revisions"}],"predecessor-version":[{"id":39281,"href":"https:\/\/www.lintelligentdabidjan.info\/news\/wp-json\/wp\/v2\/posts\/39269\/revisions\/39281"}],"wp:featuredmedia":[{"embeddable":true,"href":"https:\/\/www.lintelligentdabidjan.info\/news\/wp-json\/wp\/v2\/media\/39279"}],"wp:attachment":[{"href":"https:\/\/www.lintelligentdabidjan.info\/news\/wp-json\/wp\/v2\/media?parent=39269"}],"wp:term":[{"taxonomy":"category","embeddable":true,"href":"https:\/\/www.lintelligentdabidjan.info\/news\/wp-json\/wp\/v2\/categories?post=39269"},{"taxonomy":"post_tag","embeddable":true,"href":"https:\/\/www.lintelligentdabidjan.info\/news\/wp-json\/wp\/v2\/tags?post=39269"}],"curies":[{"name":"wp","href":"https:\/\/api.w.org\/{rel}","templated":true}]}}