{"id":39305,"date":"2025-07-21T09:09:42","date_gmt":"2025-07-21T07:09:42","guid":{"rendered":"https:\/\/www.lintelligentdabidjan.info\/news\/?p=39305"},"modified":"2025-07-21T09:10:25","modified_gmt":"2025-07-21T07:10:25","slug":"lintelligent-en-pdf-ca-continue-vers-100-apres-70-atteints-cmu-la-barre-de-20-millions-denroles-franchie-a-niakara","status":"publish","type":"post","link":"https:\/\/www.lintelligentdabidjan.info\/news\/lintelligent-en-pdf-ca-continue-vers-100-apres-70-atteints-cmu-la-barre-de-20-millions-denroles-franchie-a-niakara\/","title":{"rendered":"L&#8217;Intelligent en PDF:  \u00c7a continue vers 100% apr\u00e8s 70 % atteints  CMU : la barre de 20 millions d&#8217;enr\u00f4l\u00e9s franchie \u00e0 Niakara"},"content":{"rendered":"<p><strong>Le vendredi 18 juillet 2025 restera une date m\u00e9morable pour la localit\u00e9 de Niakaramandougou, o\u00f9 a \u00e9t\u00e9 franchie la barre symbolique des 20 millions de personnes enr\u00f4l\u00e9es \u00e0 la Couverture Maladie Universelle (CMU). Ce chiffre repr\u00e9sente pr\u00e8s de 70 % de la population ivoirienne, marquant ainsi une \u00e9tape majeure apr\u00e8s avoir d\u00e9pass\u00e9 le cap des 50 % d\u2019enr\u00f4l\u00e9s.<\/strong><\/p>\n<p>Comment le ministre Adama Kamara a pu atteindre ce record?<\/p>\n<p>Article \u00e0 d\u00e9couvrir dans vos kiosques et en ligne sur&#8230;<\/p>\n<p><a href=\"https:\/\/news.abidjan.net\/titrologie\/39-lintelligent-dabidjan\/articles\" target=\"_blank\">https:\/\/news.abidjan.net\/titrologie\/39-lintelligent-dabidjan\/articles<\/a><\/p>\n<p>\u00c0 lire aussi L&#8217;ONG &#8220;J&#8217;aime Mankono&#8221; exprime sa gratitude aux autorit\u00e9s et invite \u00e0 la retenue suite aux rumeurs apr\u00e8s le d\u00e9but des travaux de la route Mankono-Sarhala-Dianra, Le d\u00e9fi h\u00e9ro\u00efque<\/p>\n<p>des Jeux de la Francophonie en C\u00f4te d\u2019Ivoire en 2017, L&#8217;appel fort de Bruno Kon\u00e9 \u00e0 Alger, l&#8217;interview de la ministre Nasseneba Tour\u00e9 , Trois nouveaux march\u00e9s pour les femmes du vivrier dans le District des Montagnes, Un partenariat de 5 ans avec la NARA pour la production animale et halieutique dans le cadre de la coop\u00e9ration C\u00f4te d&#8217;Ivoire &#8211; USA.<\/p>\n<p>Cliquez pour les d\u00e9tails<\/p>\n<p><a href=\"https:\/\/www.afrikipresse.fr\/abonnement\" target=\"_blank\">https:\/\/www.afrikipresse.fr\/abonnement<\/a><\/p>\n<p>\u00c0 voir \u00e9galement la Tribune &#8211; Le Burkina Faso, le Mali et le Niger ni aucun autre pays membre ne doivent casser l\u2019UEMOA du journaliste et \u00e9ditorialiste Wakili Alaf\u00e9 et 575 localit\u00e9s et 825 675 habitants vis\u00e9s dans le cadre de la Connectivit\u00e9 rurale au mobile et \u00e0 l&#8217;Internet.<\/p>\n<p><a href=\"https:\/\/www.pressecotedivoire.fr\/titrologie\" target=\"_blank\">https:\/\/www.pressecotedivoire.fr\/titrologie<\/a><\/p>\n","protected":false},"excerpt":{"rendered":"<p>Le vendredi 18 juillet 2025 restera une date m\u00e9morable pour la localit\u00e9 de Niakaramandougou, o\u00f9 a \u00e9t\u00e9 franchie la barre symbolique des 20 millions de personnes enr\u00f4l\u00e9es \u00e0 la Couverture Maladie Universelle (CMU). Ce chiffre repr\u00e9sente pr\u00e8s de 70 % de la population ivoirienne, marquant ainsi une \u00e9tape majeure apr\u00e8s avoir d\u00e9pass\u00e9 le cap des [&hellip;]<\/p>\n","protected":false},"author":4,"featured_media":39306,"comment_status":"closed","ping_status":"closed","sticky":false,"template":"","format":"standard","meta":{"_monsterinsights_skip_tracking":false,"_monsterinsights_sitenote_active":false,"_monsterinsights_sitenote_note":"","_monsterinsights_sitenote_category":0,"footnotes":""},"categories":[2,3],"tags":[],"class_list":["post-39305","post","type-post","status-publish","format-standard","has-post-thumbnail","hentry","category-featured","category-societe"],"_links":{"self":[{"href":"https:\/\/www.lintelligentdabidjan.info\/news\/wp-json\/wp\/v2\/posts\/39305","targetHints":{"allow":["GET"]}}],"collection":[{"href":"https:\/\/www.lintelligentdabidjan.info\/news\/wp-json\/wp\/v2\/posts"}],"about":[{"href":"https:\/\/www.lintelligentdabidjan.info\/news\/wp-json\/wp\/v2\/types\/post"}],"author":[{"embeddable":true,"href":"https:\/\/www.lintelligentdabidjan.info\/news\/wp-json\/wp\/v2\/users\/4"}],"replies":[{"embeddable":true,"href":"https:\/\/www.lintelligentdabidjan.info\/news\/wp-json\/wp\/v2\/comments?post=39305"}],"version-history":[{"count":1,"href":"https:\/\/www.lintelligentdabidjan.info\/news\/wp-json\/wp\/v2\/posts\/39305\/revisions"}],"predecessor-version":[{"id":39307,"href":"https:\/\/www.lintelligentdabidjan.info\/news\/wp-json\/wp\/v2\/posts\/39305\/revisions\/39307"}],"wp:featuredmedia":[{"embeddable":true,"href":"https:\/\/www.lintelligentdabidjan.info\/news\/wp-json\/wp\/v2\/media\/39306"}],"wp:attachment":[{"href":"https:\/\/www.lintelligentdabidjan.info\/news\/wp-json\/wp\/v2\/media?parent=39305"}],"wp:term":[{"taxonomy":"category","embeddable":true,"href":"https:\/\/www.lintelligentdabidjan.info\/news\/wp-json\/wp\/v2\/categories?post=39305"},{"taxonomy":"post_tag","embeddable":true,"href":"https:\/\/www.lintelligentdabidjan.info\/news\/wp-json\/wp\/v2\/tags?post=39305"}],"curies":[{"name":"wp","href":"https:\/\/api.w.org\/{rel}","templated":true}]}}