{"id":39312,"date":"2025-07-22T07:13:52","date_gmt":"2025-07-22T05:13:52","guid":{"rendered":"https:\/\/www.lintelligentdabidjan.info\/news\/?p=39312"},"modified":"2025-07-22T07:14:26","modified_gmt":"2025-07-22T05:14:26","slug":"restauration-des-forets-35000-baobabs-plantes-a-kani-par-la-fondation-coeur-vert","status":"publish","type":"post","link":"https:\/\/www.lintelligentdabidjan.info\/news\/restauration-des-forets-35000-baobabs-plantes-a-kani-par-la-fondation-coeur-vert\/","title":{"rendered":"Restauration des for\u00eats-   35000 Baobabs  plant\u00e9s  \u00e0 Kani  par la  Fondation C\u0153ur Vert"},"content":{"rendered":"<p><em><strong>35 000 baobabs plant\u00e9s \u00e0 Kani par la Fondation C\u0153ur Vert pour restaurer les for\u00eats.<\/strong><\/em><\/p>\n<p>La mairie de la ville de Kani a servi de cadre, ce vendredi 18 juillet 2025, \u00e0 la c\u00e9r\u00e9monie de cl\u00f4ture de la 20\u1d49 \u00e9dition du Camp International de Reboisement (CIR 2025), une initiative de la Fondation C\u0153ur Vert visant \u00e0 lutter contre l\u2019avanc\u00e9e du d\u00e9sert et \u00e0 restaurer les for\u00eats.<\/p>\n<p>Organis\u00e9e pour la troisi\u00e8me fois en C\u00f4te d\u2019Ivoire, et une fois de plus dans la ville de Kani, cette \u00e9dition s\u2019est d\u00e9roul\u00e9e sous le parrainage de Monsieur Bouak\u00e9 FOFANA, Pr\u00e9sident du Conseil r\u00e9gional du Worodougou et Ministre de l\u2019Hydraulique, de l\u2019Assainissement et de la Salubrit\u00e9, et sous la pr\u00e9sidence de Monsieur Jacques ASSAHORE, Ministre de l\u2019Environnement, du D\u00e9veloppement Durable et de la Transition \u00c9cologique.<\/p>\n<p>La c\u00e9r\u00e9monie a rassembl\u00e9 de nombreuses personnalit\u00e9s, parmi lesquelles des autorit\u00e9s administratives et politiques, des responsables techniques, ainsi que des leaders religieux et communautaires de la r\u00e9gion du Worodougou.<\/p>\n<p>Dans son intervention, Monsieur Ody-Marc DUCLOS, Vice-Pr\u00e9sident de la Fondation C\u0153ur Vert, a exprim\u00e9 sa gratitude \u00e0 l\u2019endroit du parrain et du pr\u00e9sident de la c\u00e9r\u00e9monie, saluant \u00e9galement le soutien des partenaires institutionnels et communautaires. Il a mis en avant deux faits marquants de cette \u00e9dition :<\/p>\n<p>1. La priorit\u00e9 accord\u00e9e \u00e0 la qualit\u00e9 du reboisement plut\u00f4t qu\u2019\u00e0 la quantit\u00e9, gr\u00e2ce \u00e0 l\u2019application des bonnes pratiques enseign\u00e9es par les agents forestiers pour assurer la survie des plants ;<\/p>\n<p>2. L\u2019esprit de fraternit\u00e9 entre les jeunesses de divers horizons. En effet, 68 jeunes de Kani ont rejoint leurs camarades venus de neuf pays, pour planter, chanter et \u0153uvrer ensemble dans un esprit de solidarit\u00e9. Un moment fort que le Vice-Pr\u00e9sident a qualifi\u00e9 de mod\u00e8le \u00e0 promouvoir et \u00e0 r\u00e9pliquer.<\/p>\n<p>En seulement cinq jours, les 249 participants ont mis en terre 35 000 plants de baobab, avec l\u2019appui technique de la SODEFOR, pour renforcer la for\u00eat class\u00e9e de Bandama Rouge.<\/p>\n<p>Dans son allocution, le Pr\u00e9fet de Kani a soulign\u00e9 que chaque arbre plant\u00e9 est un symbole d\u2019amour pour la plan\u00e8te. Il a f\u00e9licit\u00e9 les b\u00e9n\u00e9voles, la jeunesse de Kani et l\u2019ensemble des acteurs impliqu\u00e9s, tout en saluant la vision \u00e9cologique porteuse de la Fondation C\u0153ur Vert. Il a encourag\u00e9 les campeurs \u00e0 revenir en 2026 et appel\u00e9 la population, en particulier les jeunes, \u00e0 assurer le suivi des 35 000 plants mis en terre.<\/p>\n<p>Il est important de rappeler que la for\u00eat ivoirienne a connu un d\u00e9clin dramatique, passant de 16 millions d\u2019hectares en 1900 \u00e0 seulement 2,97 millions d\u2019hectares en 2021, selon les donn\u00e9es de l\u2019Inventaire Forestier et Faunique National (IFFN).<\/p>\n<p>Pour faire face \u00e0 cette situation, l\u2019\u00c9tat ivoirien a adopt\u00e9, en 2018, une politique de pr\u00e9servation, de r\u00e9habilitation et d\u2019extension des for\u00eats, incluant plusieurs projets structurants, dont celui de la Muraille verte de C\u00f4te d\u2019Ivoire. Ce projet, port\u00e9 par le minist\u00e8re de l\u2019Environnement, pr\u00e9voit une bande de reboisement de 700 km de long sur 15 km de large, allant de la r\u00e9gion du Bafing \u00e0 celle du Gontougo, soit environ 1 050 000 hectares. L\u2019objectif national est de restaurer 20 % du couvert forestier du territoire d\u2019ici \u00e0 2030.<\/p>\n<p><strong>Tour\u00e9 Abdoulaye<\/strong><\/p>\n","protected":false},"excerpt":{"rendered":"<p>35 000 baobabs plant\u00e9s \u00e0 Kani par la Fondation C\u0153ur Vert pour restaurer les for\u00eats. La mairie de la ville de Kani a servi de cadre, ce vendredi 18 juillet 2025, \u00e0 la c\u00e9r\u00e9monie de cl\u00f4ture de la 20\u1d49 \u00e9dition du Camp International de Reboisement (CIR 2025), une initiative de la Fondation C\u0153ur Vert visant [&hellip;]<\/p>\n","protected":false},"author":4,"featured_media":39313,"comment_status":"closed","ping_status":"closed","sticky":false,"template":"","format":"standard","meta":{"_monsterinsights_skip_tracking":false,"_monsterinsights_sitenote_active":false,"_monsterinsights_sitenote_note":"","_monsterinsights_sitenote_category":0,"footnotes":""},"categories":[2,18,3],"tags":[5729,5732,5731,5730,5728],"class_list":["post-39312","post","type-post","status-publish","format-standard","has-post-thumbnail","hentry","category-featured","category-economie","category-societe","tag-baobabs","tag-fondation-coeur-vert","tag-kani","tag-plantes","tag-restauration-des-forets"],"_links":{"self":[{"href":"https:\/\/www.lintelligentdabidjan.info\/news\/wp-json\/wp\/v2\/posts\/39312","targetHints":{"allow":["GET"]}}],"collection":[{"href":"https:\/\/www.lintelligentdabidjan.info\/news\/wp-json\/wp\/v2\/posts"}],"about":[{"href":"https:\/\/www.lintelligentdabidjan.info\/news\/wp-json\/wp\/v2\/types\/post"}],"author":[{"embeddable":true,"href":"https:\/\/www.lintelligentdabidjan.info\/news\/wp-json\/wp\/v2\/users\/4"}],"replies":[{"embeddable":true,"href":"https:\/\/www.lintelligentdabidjan.info\/news\/wp-json\/wp\/v2\/comments?post=39312"}],"version-history":[{"count":1,"href":"https:\/\/www.lintelligentdabidjan.info\/news\/wp-json\/wp\/v2\/posts\/39312\/revisions"}],"predecessor-version":[{"id":39314,"href":"https:\/\/www.lintelligentdabidjan.info\/news\/wp-json\/wp\/v2\/posts\/39312\/revisions\/39314"}],"wp:featuredmedia":[{"embeddable":true,"href":"https:\/\/www.lintelligentdabidjan.info\/news\/wp-json\/wp\/v2\/media\/39313"}],"wp:attachment":[{"href":"https:\/\/www.lintelligentdabidjan.info\/news\/wp-json\/wp\/v2\/media?parent=39312"}],"wp:term":[{"taxonomy":"category","embeddable":true,"href":"https:\/\/www.lintelligentdabidjan.info\/news\/wp-json\/wp\/v2\/categories?post=39312"},{"taxonomy":"post_tag","embeddable":true,"href":"https:\/\/www.lintelligentdabidjan.info\/news\/wp-json\/wp\/v2\/tags?post=39312"}],"curies":[{"name":"wp","href":"https:\/\/api.w.org\/{rel}","templated":true}]}}