{"id":39318,"date":"2025-07-22T07:22:24","date_gmt":"2025-07-22T05:22:24","guid":{"rendered":"https:\/\/www.lintelligentdabidjan.info\/news\/?p=39318"},"modified":"2025-07-22T07:22:31","modified_gmt":"2025-07-22T05:22:31","slug":"fete-des-meres-2025-laemci-honore-plus-de-2000-femmes-de-militaires","status":"publish","type":"post","link":"https:\/\/www.lintelligentdabidjan.info\/news\/fete-des-meres-2025-laemci-honore-plus-de-2000-femmes-de-militaires\/","title":{"rendered":"F\u00eate des m\u00e8res 2025-  L\u2019Aemci honore plus de 2000 femmes de militaires"},"content":{"rendered":"<p><em><strong>Le  chapiteau dress\u00e9 sur le stade du Bataillon de Commandement et de Soutien(BCS) de l\u2019Etat-major des Faci \u00e0 Abidjan-Plateau a vibr\u00e9, le samedi 19 juillet 2025, au rythme de la f\u00eate des m\u00e8res organis\u00e9e par l\u2019Association des \u00c9pouses de Militaires de C\u00f4te d\u2019Ivoire (AEMCI).<\/strong><\/em><\/p>\n<p> Elles \u00e9taient plus de 2000 femmes,  venues des diff\u00e9rentes garnisons de la C\u00f4te d\u2019Ivoire pour communier autour des valeurs d\u2019union, de solidarit\u00e9 et de r\u00e9silience. Dans une ambiance \u00e0 la fois festive et solennelle, ces \u00e9pouses de soldats ont \u00e9t\u00e9 c\u00e9l\u00e9br\u00e9es en pr\u00e9sence d\u2019invit\u00e9s de marque, parmi lesquels le Chef d\u2019\u00e9tat-major G\u00e9n\u00e9ral des Arm\u00e9es, le G\u00e9n\u00e9ral de Corps d\u2019Arm\u00e9e, Lassina Doumbia, et plusieurs hauts responsables militaires.<\/p>\n<p><strong>Une c\u00e9l\u00e9bration sous le sceau de la sensibilisation<\/strong><\/p>\n<p>Plac\u00e9e sous le th\u00e8me \u00ab Le cancer, mon combat \u00bb, cette \u00e9dition 2025 a permis de mettre en lumi\u00e8re deux grandes causes : la lutte contre les cancers f\u00e9minins et l\u2019accompagnement des veuves de militaires. \u00c0 cet effet,  des sketchs poignants interpr\u00e9t\u00e9s par les membres de l\u2019Aemci ont sensibilis\u00e9 l\u2019assistance \u00e0 ces enjeux importants  pour la sant\u00e9 et la dignit\u00e9 des femmes de militaires. Barro Assita \u00e9pouse Demb\u00e9l\u00e9, pr\u00e9sidente du comit\u00e9 d\u2019organisation de cette \u00e9dition 2025,    a remerci\u00e9  la pr\u00e9sidente d\u2019honneur ainsi que son \u00e9poux,  le Chef d\u2019\u00e9tat-major g\u00e9n\u00e9ral des arm\u00e9es pour leur sollicitude et leur soutien constant dans les entreprises de l\u2019association. Fatimata Sy Doumbia, pr\u00e9sidente d\u2019honneur de l\u2019Aemci, a pr\u00e9sent\u00e9 deux projets-phares visant l\u2019autonomisation des membres : Une usine de production d\u2019atti\u00e9k\u00e9 \u00e0 Yamoussoukro, d\u00e9sormais achev\u00e9e et fonctionnelle, permettra \u00e0 une centaine de femmes de g\u00e9n\u00e9rer des revenus durables, et la construction d\u2019un march\u00e9 est \u00e9galement en projet pour renforcer l\u2019activit\u00e9 \u00e9conomique des membres.<\/p>\n<p>Pour sa part,  le Chef d\u2019\u00e9tat-major G\u00e9n\u00e9ral des Arm\u00e9es, Lassina Doumbia,  affectueusement surnomm\u00e9 \u00ab Papa Doumbia \u00bb par les membres de l\u2019association, a salu\u00e9 l\u2019engagement des femmes et les a exhort\u00e9es \u00e0 continuer de soutenir leurs maris, mobilis\u00e9s pour les missions de d\u00e9fense et de s\u00e9curit\u00e9 de la C\u00f4te d\u2019Ivoire.<\/p>\n<p><strong>Concours, tombola et c\u00e9l\u00e9bration en beaut\u00e9 <\/strong><\/p>\n<p> Outre les discours officiels, les femmes de l\u2019AEMCI ont profit\u00e9 d\u2019un riche programme festif<\/p>\n<p> : ballet des pr\u00e9sidentes r\u00e9gionales, concours de cuisine entre sections, prestations artistiques, grande tombola avec des lots \u00e9lectrom\u00e9nagers, et distribution de cadeaux \u00e0 toutes les participantes. Un geste fortement salu\u00e9  fut le don en num\u00e9raire du Chef d\u2019\u00e9tat-Major G\u00e9n\u00e9ral des Arm\u00e9es et de son \u00e9pouse en soutien  au bon fonctionnement de l\u2019association. Cr\u00e9\u00e9e en 2002, l\u2019Aemci compte aujourd\u2019hui 2500 membres r\u00e9partis en neuf sections \u00e0 travers la C\u00f4te d\u2019Ivoire. Dirig\u00e9e au plan national par Nioul\u00e9 Natacha \u00e9pouse Tour\u00e9, l&#8217;association poursuit inlassablement son objectif : f\u00e9d\u00e9rer les femmes de militaires, actives ou retrait\u00e9es, autour de la solidarit\u00e9 et de l\u2019autonomisation.<\/p>\n<p><strong>Harry Diallo avec Sercom<\/strong><\/p>\n","protected":false},"excerpt":{"rendered":"<p>Le chapiteau dress\u00e9 sur le stade du Bataillon de Commandement et de Soutien(BCS) de l\u2019Etat-major des Faci \u00e0 Abidjan-Plateau a vibr\u00e9, le samedi 19 juillet 2025, au rythme de la f\u00eate des m\u00e8res organis\u00e9e par l\u2019Association des \u00c9pouses de Militaires de C\u00f4te d\u2019Ivoire (AEMCI). Elles \u00e9taient plus de 2000 femmes, venues des diff\u00e9rentes garnisons de [&hellip;]<\/p>\n","protected":false},"author":4,"featured_media":39319,"comment_status":"closed","ping_status":"closed","sticky":false,"template":"","format":"standard","meta":{"_monsterinsights_skip_tracking":false,"_monsterinsights_sitenote_active":false,"_monsterinsights_sitenote_note":"","_monsterinsights_sitenote_category":0,"footnotes":""},"categories":[2,3],"tags":[5736,5328,5735],"class_list":["post-39318","post","type-post","status-publish","format-standard","has-post-thumbnail","hentry","category-featured","category-societe","tag-femmes-de-militaires","tag-fete-des-meres-2025","tag-laemci"],"_links":{"self":[{"href":"https:\/\/www.lintelligentdabidjan.info\/news\/wp-json\/wp\/v2\/posts\/39318","targetHints":{"allow":["GET"]}}],"collection":[{"href":"https:\/\/www.lintelligentdabidjan.info\/news\/wp-json\/wp\/v2\/posts"}],"about":[{"href":"https:\/\/www.lintelligentdabidjan.info\/news\/wp-json\/wp\/v2\/types\/post"}],"author":[{"embeddable":true,"href":"https:\/\/www.lintelligentdabidjan.info\/news\/wp-json\/wp\/v2\/users\/4"}],"replies":[{"embeddable":true,"href":"https:\/\/www.lintelligentdabidjan.info\/news\/wp-json\/wp\/v2\/comments?post=39318"}],"version-history":[{"count":1,"href":"https:\/\/www.lintelligentdabidjan.info\/news\/wp-json\/wp\/v2\/posts\/39318\/revisions"}],"predecessor-version":[{"id":39320,"href":"https:\/\/www.lintelligentdabidjan.info\/news\/wp-json\/wp\/v2\/posts\/39318\/revisions\/39320"}],"wp:featuredmedia":[{"embeddable":true,"href":"https:\/\/www.lintelligentdabidjan.info\/news\/wp-json\/wp\/v2\/media\/39319"}],"wp:attachment":[{"href":"https:\/\/www.lintelligentdabidjan.info\/news\/wp-json\/wp\/v2\/media?parent=39318"}],"wp:term":[{"taxonomy":"category","embeddable":true,"href":"https:\/\/www.lintelligentdabidjan.info\/news\/wp-json\/wp\/v2\/categories?post=39318"},{"taxonomy":"post_tag","embeddable":true,"href":"https:\/\/www.lintelligentdabidjan.info\/news\/wp-json\/wp\/v2\/tags?post=39318"}],"curies":[{"name":"wp","href":"https:\/\/api.w.org\/{rel}","templated":true}]}}