{"id":39339,"date":"2025-07-24T02:25:37","date_gmt":"2025-07-24T00:25:37","guid":{"rendered":"https:\/\/www.lintelligentdabidjan.info\/news\/?p=39339"},"modified":"2025-07-24T02:25:52","modified_gmt":"2025-07-24T00:25:52","slug":"festi-toura-2025-daloa-celebre-la-premiere-edition-dun-festival-dedie-au-peuple-win","status":"publish","type":"post","link":"https:\/\/www.lintelligentdabidjan.info\/news\/festi-toura-2025-daloa-celebre-la-premiere-edition-dun-festival-dedie-au-peuple-win\/","title":{"rendered":"Festi Toura 2025-   Daloa c\u00e9l\u00e8bre la premi\u00e8re \u00e9dition d\u2019un festival d\u00e9di\u00e9 au peuple Win"},"content":{"rendered":"<p><strong>Le mercredi 23 juillet 2025, lors d\u2019une conf\u00e9rence de presse tenue dans un h\u00f4tel de Daloa, Gogb\u00e9 Gu\u00e9hi St\u00e9phane, commissaire g\u00e9n\u00e9ral du Festi Toura, a annonc\u00e9 la tenue de la premi\u00e8re \u00e9dition de ce festival culturel .<\/strong><\/p>\n<p>Ce nouvel \u00e9v\u00e9nement pr\u00e9vu le samedi 2 ao\u00fbt 2025 dans la cit\u00e9 des Antilopes,  vise \u00e0 promouvoir la culture du peuple Toura, \u00e9galement appel\u00e9 Win, une communaut\u00e9 de l\u2019Ouest montagneux de la C\u00f4te d\u2019Ivoire encore m\u00e9connue du grand public. Le Festi Toura ambitionne de reconnecter les membres de la communaut\u00e9 Toura, notamment ceux de la diaspora ou \u00e9loign\u00e9s de leurs villages d\u2019origine, \u00e0 leur h\u00e9ritage culturel. Il s\u2019agit aussi de favoriser les retrouvailles des Toura diss\u00e9min\u00e9s \u00e0 travers le pays, tout en offrant une plateforme de d\u00e9couverte et d\u2019\u00e9change interculturel pour les autres communaut\u00e9s. \u00ab Originaire de Gbonn\u00e9, dans le d\u00e9partement de Biankouma, le peuple Toura poss\u00e8de une culture riche mais peu mise en valeur. Le Festi Toura est une occasion unique de la faire d\u00e9couvrir \u00e0 toute la C\u00f4te d\u2019Ivoire \u00bb, a d\u00e9clar\u00e9 Gogb\u00e9 Gu\u00e9hi St\u00e9phane. L\u2019artiste Justin Goualo, natif de Gbonn\u00e9, est le parrain de cette premi\u00e8re \u00e9dition. Figure respect\u00e9e de la sc\u00e8ne culturelle ivoirienne, il incarne le lien entre tradition et modernit\u00e9 que le festival souhaite promouvoir.  \u00ab Justin Goualo est un choix naturel. <\/p>\n<p>Artiste reconnu et ambassadeur de la culture Toura, il porte fi\u00e8rement ses origines et s\u2019engage pour la pr\u00e9servation de notre patrimoine \u00bb, a soulign\u00e9 le commissaire g\u00e9n\u00e9ral. La journ\u00e9e du 2 ao\u00fbt s\u2019annonce riche en activit\u00e9s. Le matin, un panel-d\u00e9bat se tiendra \u00e0 l\u2019Universit\u00e9 Jean Lorougnon Gu\u00e9d\u00e9 de Daloa, r\u00e9unissant cinq experts universitaires et gardiens de la tradition orale pour discuter de l\u2019histoire, de l\u2019\u00e9ducation traditionnelle, de la culture Toura et du r\u00f4le des masques dans la soci\u00e9t\u00e9 Win. L\u2019apr\u00e8s-midi, une parade culturelle enchantera les rues de Daloa, avec des groupes traditionnels de Gbonn\u00e9, Kpata et d\u2019autres localit\u00e9s, accompagn\u00e9s de tambours et de masques Toura, symboles forts de l\u2019identit\u00e9 spirituelle et sociale du peuple. La soir\u00e9e se cl\u00f4turera par un gala culturel, m\u00ealant musique contemporaine, danses ancestrales et rituels sacr\u00e9s, avec la participation de plus de 20 artistes tradi-modernes. Le Festi Toura se veut plus qu\u2019une c\u00e9l\u00e9bration de la culture Toura : il aspire \u00e0 \u00eatre un espace de dialogue et de fraternit\u00e9 entre communaut\u00e9s.  Les peuples voisins, tels que les W\u00ea, Yacouba ou Mahou, sont invit\u00e9s \u00e0 participer, dans une d\u00e9marche de coh\u00e9sion sociale par la culture. \u00ab Le Festi Toura est un trait d\u2019union entre tradition et modernit\u00e9, et un appel \u00e0 la r\u00e9conciliation des peuples \u00e0 travers nos identit\u00e9s culturelles \u00bb, a conclu Gogb\u00e9 Gu\u00e9hi St\u00e9phane.   1 500 participants sont attendus \u00e0 cette premi\u00e8re \u00e9dition  . \u00c9taient pr\u00e9sents aux c\u00f4t\u00e9s du commissaire g\u00e9n\u00e9ral, Konan Kouakou, en charge de la programmation artistique, et Yao Saturnin, responsable de la communication presse.<\/p>\n<p><strong>Beker Yao <\/strong><\/p>\n","protected":false},"excerpt":{"rendered":"<p>Le mercredi 23 juillet 2025, lors d\u2019une conf\u00e9rence de presse tenue dans un h\u00f4tel de Daloa, Gogb\u00e9 Gu\u00e9hi St\u00e9phane, commissaire g\u00e9n\u00e9ral du Festi Toura, a annonc\u00e9 la tenue de la premi\u00e8re \u00e9dition de ce festival culturel . Ce nouvel \u00e9v\u00e9nement pr\u00e9vu le samedi 2 ao\u00fbt 2025 dans la cit\u00e9 des Antilopes, vise \u00e0 promouvoir la [&hellip;]<\/p>\n","protected":false},"author":4,"featured_media":39340,"comment_status":"closed","ping_status":"closed","sticky":false,"template":"","format":"standard","meta":{"_monsterinsights_skip_tracking":false,"_monsterinsights_sitenote_active":false,"_monsterinsights_sitenote_note":"","_monsterinsights_sitenote_category":0,"footnotes":""},"categories":[2,20],"tags":[105,5747,695,5748,2624],"class_list":["post-39339","post","type-post","status-publish","format-standard","has-post-thumbnail","hentry","category-featured","category-art-et-culture","tag-daloa","tag-festi-toura-2025","tag-festival","tag-peuple-win","tag-premiere-edition"],"_links":{"self":[{"href":"https:\/\/www.lintelligentdabidjan.info\/news\/wp-json\/wp\/v2\/posts\/39339","targetHints":{"allow":["GET"]}}],"collection":[{"href":"https:\/\/www.lintelligentdabidjan.info\/news\/wp-json\/wp\/v2\/posts"}],"about":[{"href":"https:\/\/www.lintelligentdabidjan.info\/news\/wp-json\/wp\/v2\/types\/post"}],"author":[{"embeddable":true,"href":"https:\/\/www.lintelligentdabidjan.info\/news\/wp-json\/wp\/v2\/users\/4"}],"replies":[{"embeddable":true,"href":"https:\/\/www.lintelligentdabidjan.info\/news\/wp-json\/wp\/v2\/comments?post=39339"}],"version-history":[{"count":1,"href":"https:\/\/www.lintelligentdabidjan.info\/news\/wp-json\/wp\/v2\/posts\/39339\/revisions"}],"predecessor-version":[{"id":39341,"href":"https:\/\/www.lintelligentdabidjan.info\/news\/wp-json\/wp\/v2\/posts\/39339\/revisions\/39341"}],"wp:featuredmedia":[{"embeddable":true,"href":"https:\/\/www.lintelligentdabidjan.info\/news\/wp-json\/wp\/v2\/media\/39340"}],"wp:attachment":[{"href":"https:\/\/www.lintelligentdabidjan.info\/news\/wp-json\/wp\/v2\/media?parent=39339"}],"wp:term":[{"taxonomy":"category","embeddable":true,"href":"https:\/\/www.lintelligentdabidjan.info\/news\/wp-json\/wp\/v2\/categories?post=39339"},{"taxonomy":"post_tag","embeddable":true,"href":"https:\/\/www.lintelligentdabidjan.info\/news\/wp-json\/wp\/v2\/tags?post=39339"}],"curies":[{"name":"wp","href":"https:\/\/api.w.org\/{rel}","templated":true}]}}