{"id":39342,"date":"2025-07-24T02:30:46","date_gmt":"2025-07-24T00:30:46","guid":{"rendered":"https:\/\/www.lintelligentdabidjan.info\/news\/?p=39342"},"modified":"2025-07-24T02:31:40","modified_gmt":"2025-07-24T00:31:40","slug":"foire-nationale-de-lemploi-et-du-recrutement-aney-kabran-annonce-des-innovations-pour-la-2e-edition","status":"publish","type":"post","link":"https:\/\/www.lintelligentdabidjan.info\/news\/foire-nationale-de-lemploi-et-du-recrutement-aney-kabran-annonce-des-innovations-pour-la-2e-edition\/","title":{"rendered":"Foire nationale de l\u2019emploi et du recrutement-   Aney Kabran annonce des innovations pour la 2e \u00e9dition"},"content":{"rendered":"<p><em><strong>La tribune \u2018\u2019Tout Savoir Sur\u2019\u2019 du Centre d&#8217;Information et de Communication Gouvernementale (Cicg), tenue le mardi 22 juillet 2025, au Syst\u00e8me Int\u00e9gr\u00e9 de Gestion du Foncier Urbain (Sigfu) d&#8217;Abidjan-Plateau, a \u00e9t\u00e9 consacr\u00e9e \u00e0 l&#8217;employabilit\u00e9 des jeunes en C\u00f4te d&#8217;Ivoire.<\/strong><\/em><\/p>\n<p>Aney Kabran, directeur des op\u00e9rations \u00e0 l&#8217;Agence Emploi Jeunes (Aej), , a annonc\u00e9 \u00e0 cette occasion que la 2e \u00e9dition de la Foire Nationale de l\u2019Emploi et du Recrutement se d\u00e9roulera le jeudi 24 juillet 2025 \u00e0 l\u2019Universit\u00e9 F\u00e9lix Houphou\u00ebt-Boigny d&#8217;Abidjan-Cocody. \u00c0 l\u2019image de la premi\u00e8re \u00e9dition, cette foire vise \u00e0 cr\u00e9er un cadre de rencontre entre l\u2019offre et la demande, mais \u00e9galement entre les entreprises en qu\u00eate de recrutement et les jeunes cherchant des opportunit\u00e9s de stage ou d\u2019emploi direct. \u00ab Pour ceux qui ont des besoins en d\u00e9veloppement de comp\u00e9tences, nous avons \u00e9galement des programmes de formation \u00e0 leur disposition. Nous utilisons le cadre de la foire pour donner la possibilit\u00e9 \u00e0 ces jeunes de s&#8217;inscrire sur notre plateforme technologique \u00bb, a-t-il d\u00e9clar\u00e9.<\/p>\n<p>Par ailleurs, Aney Kabran a soulign\u00e9 que pour cette 2e \u00e9dition, 62 050 opportunit\u00e9s ont \u00e9t\u00e9 mobilis\u00e9es. \u00ab \u00c0 la date du 15 juillet, nous \u00e9tions \u00e0 62 050 opportunit\u00e9s, dont 3 582 en emploi salari\u00e9, 3 582 en stage de qualification, 6 508 en stage de validation, et 3 277 en stage d&#8217;immersion. Pour les formations, nous comptons 5 487 opportunit\u00e9s, et pour les travaux \u00e0 haute intensit\u00e9 de main-d&#8217;\u0153uvre, 3 299 opportunit\u00e9s ont \u00e9t\u00e9 mobilis\u00e9es. Concernant l&#8217;entrepreneuriat, sur le guichet des activit\u00e9s g\u00e9n\u00e9ratrices de revenus, nous avons un total de 15 335 opportunit\u00e9s mobilis\u00e9es pour un financement de 6,9 milliards de francs CFA \u00bb, a-t-il d\u00e9taill\u00e9. Aney Kabran a \u00e9galement affirm\u00e9 que l\u2019innovation pour cette 2e \u00e9dition r\u00e9side dans sa d\u00e9centralisation, car elle se tiendra simultan\u00e9ment dans 26 r\u00e9gions.<\/p>\n<p><strong>Bilan de l\u2019\u00e9dition 2025 de la foire nationale<\/strong><\/p>\n<p>Pour la premi\u00e8re \u00e9dition, il a indiqu\u00e9 que plus de 50 000 personnes y ont particip\u00e9, avec 53 921 opportunit\u00e9s mobilis\u00e9es. Parmi celles-ci, 42 625 jeunes ont \u00e9t\u00e9 pris en charge par les dispositifs d&#8217;insertion propos\u00e9s, soit un taux de prise en charge de 79,05 %. En termes d&#8217;emploi salari\u00e9, il a expliqu\u00e9 que 2 033 jeunes ont \u00e9t\u00e9 recrut\u00e9s \u00e0 ce jour. \u00ab Pour les stages, sur les 11 895 opportunit\u00e9s que nous avions mobilis\u00e9es, 11 895 jeunes ont pu \u00eatre ins\u00e9r\u00e9s, soit un taux de 100 %. Pour les formations, nous avions mobilis\u00e9 20 260 opportunit\u00e9s, dont 17 175 jeunes ont b\u00e9n\u00e9fici\u00e9 de formations ou sont en cours de formation actuellement, soit un taux de 84,77 %. Concernant les travaux \u00e0 haute intensit\u00e9 de main-d&#8217;\u0153uvre, nous avions mobilis\u00e9 14 675 opportunit\u00e9s, avec un placement effectif de 10 948 jeunes \u00e0 la date du 15 juillet, soit un taux de r\u00e9alisation de 74,6 %. Enfin, pour l&#8217;entrepreneuriat, nous avions pr\u00e9vu une enveloppe de 1,5 milliard de francs CFA, et pendant la foire, 574 projets ont \u00e9t\u00e9 s\u00e9lectionn\u00e9s pour un financement total de plus de 1,6 milliard de francs CFA \u00bb, a-t-il conclu.<\/p>\n<p><strong>Olivier Dion avec A. Traor\u00e9<\/strong><\/p>\n","protected":false},"excerpt":{"rendered":"<p>La tribune \u2018\u2019Tout Savoir Sur\u2019\u2019 du Centre d&#8217;Information et de Communication Gouvernementale (Cicg), tenue le mardi 22 juillet 2025, au Syst\u00e8me Int\u00e9gr\u00e9 de Gestion du Foncier Urbain (Sigfu) d&#8217;Abidjan-Plateau, a \u00e9t\u00e9 consacr\u00e9e \u00e0 l&#8217;employabilit\u00e9 des jeunes en C\u00f4te d&#8217;Ivoire. Aney Kabran, directeur des op\u00e9rations \u00e0 l&#8217;Agence Emploi Jeunes (Aej), , a annonc\u00e9 \u00e0 cette occasion [&hellip;]<\/p>\n","protected":false},"author":4,"featured_media":39343,"comment_status":"closed","ping_status":"closed","sticky":false,"template":"","format":"standard","meta":{"_monsterinsights_skip_tracking":false,"_monsterinsights_sitenote_active":false,"_monsterinsights_sitenote_note":"","_monsterinsights_sitenote_category":0,"footnotes":""},"categories":[2,3],"tags":[5750,5749,2449,5751,1734],"class_list":["post-39342","post","type-post","status-publish","format-standard","has-post-thumbnail","hentry","category-featured","category-societe","tag-aney-kabran","tag-foire-nationale-de-lemploi","tag-innovations","tag-la-2e-edition","tag-recrutement"],"_links":{"self":[{"href":"https:\/\/www.lintelligentdabidjan.info\/news\/wp-json\/wp\/v2\/posts\/39342","targetHints":{"allow":["GET"]}}],"collection":[{"href":"https:\/\/www.lintelligentdabidjan.info\/news\/wp-json\/wp\/v2\/posts"}],"about":[{"href":"https:\/\/www.lintelligentdabidjan.info\/news\/wp-json\/wp\/v2\/types\/post"}],"author":[{"embeddable":true,"href":"https:\/\/www.lintelligentdabidjan.info\/news\/wp-json\/wp\/v2\/users\/4"}],"replies":[{"embeddable":true,"href":"https:\/\/www.lintelligentdabidjan.info\/news\/wp-json\/wp\/v2\/comments?post=39342"}],"version-history":[{"count":1,"href":"https:\/\/www.lintelligentdabidjan.info\/news\/wp-json\/wp\/v2\/posts\/39342\/revisions"}],"predecessor-version":[{"id":39344,"href":"https:\/\/www.lintelligentdabidjan.info\/news\/wp-json\/wp\/v2\/posts\/39342\/revisions\/39344"}],"wp:featuredmedia":[{"embeddable":true,"href":"https:\/\/www.lintelligentdabidjan.info\/news\/wp-json\/wp\/v2\/media\/39343"}],"wp:attachment":[{"href":"https:\/\/www.lintelligentdabidjan.info\/news\/wp-json\/wp\/v2\/media?parent=39342"}],"wp:term":[{"taxonomy":"category","embeddable":true,"href":"https:\/\/www.lintelligentdabidjan.info\/news\/wp-json\/wp\/v2\/categories?post=39342"},{"taxonomy":"post_tag","embeddable":true,"href":"https:\/\/www.lintelligentdabidjan.info\/news\/wp-json\/wp\/v2\/tags?post=39342"}],"curies":[{"name":"wp","href":"https:\/\/api.w.org\/{rel}","templated":true}]}}