{"id":39357,"date":"2025-07-25T12:26:39","date_gmt":"2025-07-25T10:26:39","guid":{"rendered":"https:\/\/www.lintelligentdabidjan.info\/news\/?p=39357"},"modified":"2025-07-25T12:33:35","modified_gmt":"2025-07-25T10:33:35","slug":"lintelligent-en-pdf-ministre-detat-ministre-de-la-defense-tene-birahima-ouattara-hier-la-cote-divoire-sera-protegee","status":"publish","type":"post","link":"https:\/\/www.lintelligentdabidjan.info\/news\/lintelligent-en-pdf-ministre-detat-ministre-de-la-defense-tene-birahima-ouattara-hier-la-cote-divoire-sera-protegee\/","title":{"rendered":"L&#8217;Intelligent en PDF:    Ministre d&#8217;\u00c9tat, ministre de la  D\u00e9fense- Ten\u00e9 Birahima Ouattara, hier  :&#8221; La C\u00f4te d&#8217;Ivoire sera prot\u00e9g\u00e9e&#8221;"},"content":{"rendered":"<p><strong>La 22e promotion de gendarmes-commandos a fait sa sortie le jeudi 24 juillet 2025 \u00e0 la caserne de gendarmerie d&#8217;Agban, \u00e0 Abidjan, en pr\u00e9sence du ministre d&#8217;\u00c9tat, ministre de la D\u00e9fense, T\u00e9n\u00e9 Birahima Ouattara qui a indiqu\u00e9 que la C\u00f4te d&#8217;Ivoire sera prot\u00e9g\u00e9e.<\/strong><\/p>\n<p>Quel est le message livr\u00e9 par T\u00e9n\u00e9 Birahima Ouattara \u00e0 cette occasion?<\/p>\n<p>Article \u00e0 d\u00e9couvrir dans vos kiosques et en ligne sur&#8230;<\/p>\n<p><a href=\"https:\/\/news.abidjan.net\/titrologie\/39-lintelligent-dabidjan\/articles\" target=\"_blank\">https:\/\/news.abidjan.net\/titrologie\/39-lintelligent-dabidjan\/articles<\/a><\/p>\n<p>\u00c0\u00a0lire aussi Ahoussou-Kouadio et Jean-No\u00ebl Loucou rendent hommage \u00e0 Kouam\u00e9 Aka lors d&#8217;un Colloque international \u00e0 Yamoussoukro, Plus de 62 000 opportunit\u00e9s et appel de Belmonde Dogo aux jeunes \u00e0 la 2\u00e8me \u00e9dition de la Foire Nationale de l\u2019Emploi et du Recrutement, Des usagers font un retour d\u2019exp\u00e9rience suite \u00e0 la digitalisation de la d\u00e9livrance du certificat de nationalit\u00e9 et du casier judiciaire, Human Rights Watch d\u00e9nonce Wagner au Mali.<\/p>\n<p>Cliquez pour les d\u00e9tails<\/p>\n<p><a href=\"https:\/\/www.afrikipresse.fr\/abonnement\" target=\"_blank\">https:\/\/www.afrikipresse.fr\/abonnement<\/a><\/p>\n<p>\u00c0\u00a0voir \u00e9galement Le cap de 1000 coll\u00e8ges et lyc\u00e9es publics construits franchi et les comp\u00e9tences des agences de voyages renforc\u00e9es par le Conseil national du tourisme.<\/p>\n<p><a href=\"https:\/\/www.pressecotedivoire.fr\/titrologie\" target=\"_blank\">https:\/\/www.pressecotedivoire.fr\/titrologie<\/a><\/p>\n","protected":false},"excerpt":{"rendered":"<p>La 22e promotion de gendarmes-commandos a fait sa sortie le jeudi 24 juillet 2025 \u00e0 la caserne de gendarmerie d&#8217;Agban, \u00e0 Abidjan, en pr\u00e9sence du ministre d&#8217;\u00c9tat, ministre de la D\u00e9fense, T\u00e9n\u00e9 Birahima Ouattara qui a indiqu\u00e9 que la C\u00f4te d&#8217;Ivoire sera prot\u00e9g\u00e9e. Quel est le message livr\u00e9 par T\u00e9n\u00e9 Birahima Ouattara \u00e0 cette occasion? [&hellip;]<\/p>\n","protected":false},"author":4,"featured_media":39358,"comment_status":"closed","ping_status":"closed","sticky":false,"template":"","format":"standard","meta":{"_monsterinsights_skip_tracking":false,"_monsterinsights_sitenote_active":false,"_monsterinsights_sitenote_note":"","_monsterinsights_sitenote_category":0,"footnotes":""},"categories":[2,3],"tags":[],"class_list":["post-39357","post","type-post","status-publish","format-standard","has-post-thumbnail","hentry","category-featured","category-societe"],"_links":{"self":[{"href":"https:\/\/www.lintelligentdabidjan.info\/news\/wp-json\/wp\/v2\/posts\/39357","targetHints":{"allow":["GET"]}}],"collection":[{"href":"https:\/\/www.lintelligentdabidjan.info\/news\/wp-json\/wp\/v2\/posts"}],"about":[{"href":"https:\/\/www.lintelligentdabidjan.info\/news\/wp-json\/wp\/v2\/types\/post"}],"author":[{"embeddable":true,"href":"https:\/\/www.lintelligentdabidjan.info\/news\/wp-json\/wp\/v2\/users\/4"}],"replies":[{"embeddable":true,"href":"https:\/\/www.lintelligentdabidjan.info\/news\/wp-json\/wp\/v2\/comments?post=39357"}],"version-history":[{"count":1,"href":"https:\/\/www.lintelligentdabidjan.info\/news\/wp-json\/wp\/v2\/posts\/39357\/revisions"}],"predecessor-version":[{"id":39359,"href":"https:\/\/www.lintelligentdabidjan.info\/news\/wp-json\/wp\/v2\/posts\/39357\/revisions\/39359"}],"wp:featuredmedia":[{"embeddable":true,"href":"https:\/\/www.lintelligentdabidjan.info\/news\/wp-json\/wp\/v2\/media\/39358"}],"wp:attachment":[{"href":"https:\/\/www.lintelligentdabidjan.info\/news\/wp-json\/wp\/v2\/media?parent=39357"}],"wp:term":[{"taxonomy":"category","embeddable":true,"href":"https:\/\/www.lintelligentdabidjan.info\/news\/wp-json\/wp\/v2\/categories?post=39357"},{"taxonomy":"post_tag","embeddable":true,"href":"https:\/\/www.lintelligentdabidjan.info\/news\/wp-json\/wp\/v2\/tags?post=39357"}],"curies":[{"name":"wp","href":"https:\/\/api.w.org\/{rel}","templated":true}]}}