{"id":39378,"date":"2025-07-28T07:37:11","date_gmt":"2025-07-28T05:37:11","guid":{"rendered":"https:\/\/www.lintelligentdabidjan.info\/news\/?p=39378"},"modified":"2025-07-28T11:30:08","modified_gmt":"2025-07-28T09:30:08","slug":"cote-divoire-ufresa-ci-celebre-la-femme-dans-le-journalisme-sportif","status":"publish","type":"post","link":"https:\/\/www.lintelligentdabidjan.info\/news\/cote-divoire-ufresa-ci-celebre-la-femme-dans-le-journalisme-sportif\/","title":{"rendered":"C\u00f4te d&#8217;Ivoire-   Ufresa-CI c\u00e9l\u00e8bre la femme dans le journalisme sportif"},"content":{"rendered":"<p><strong>L\u2019Union des femmes reporters sportives d\u2019Afrique C\u00f4te d\u2019Ivoire (Ufresa-ci) a organis\u00e9 le vendredi 25 et samedi 26 juillet 2025 une journ\u00e9e d\u00e9di\u00e9e \u00e0 la valorisation des femmes dans le journalisme sportif. Une initiative salu\u00e9e pour sa pertinence, mettant en lumi\u00e8re le r\u00f4le des femmes dans un domaine encore largement domin\u00e9 par les hommes. Les rencontres ont eu lieu \u00e0 Abidjan Cocody et Treichville.<\/strong><\/p>\n<p>Jean-Cyril Bado, Directeur de la communication de la Chaire Unesco \u00ab Femmes, pouvoir et d\u00e9cisions \u00bb, repr\u00e9sentant Euphrasie Kouassi Yao pr\u00e9sidente de la chaire Unesco \u00ab eau, femmes et pouvoir de d\u00e9cisions \u00bb a soulign\u00e9 l\u2019importance de cette d\u00e9marche. Selon lui, cette initiative est \u00e0 encourager vivement, tant elle montre la n\u00e9cessit\u00e9 de pers\u00e9v\u00e9rance pour les femmes dans ce secteur. Il rappelle que, bien qu\u2019encore peu nombreuses et insuffisamment mises en avant, les femmes doivent b\u00e9n\u00e9ficier d\u2019un accompagnement dans leur formation, mais aussi dans la cr\u00e9ation de vocations, notamment aupr\u00e8s des jeunes filles dans les \u00e9tablissements scolaires et universitaires. Il a insist\u00ea \u00e9galement sur l\u2019importance pour les femmes de se valoriser elles-m\u00eames et de porter des projets ambitieux.<\/p>\n<p>Il a relev\u00e9 que le manque de tribunes pour la valorisation des femmes, que ce soit dans les r\u00e9dactions ou lors de la couverture des comp\u00e9titions f\u00e9minines, reste un frein. Pourtant, c\u2019est \u00e0 travers des initiatives comme celle-ci m\u00ealant \u00e9changes, formations, et actions concr\u00e8tes que des changements significatifs peuvent s\u2019op\u00e9rer selon lui. La Chaire Unesco \u00ab Femmes, pouvoir et d\u00e9cisions \u00bb, tout comme le Compendium des comp\u00e9tences f\u00e9minines de C\u00f4te d\u2019Ivoire, se dit pr\u00eate \u00e0 accompagner ces efforts.<\/p>\n<p>Elisabeth Goli, Pr\u00e9sidente de la section C\u00f4te d\u2019Ivoire de l\u2019Ufresa, a exprim\u00e9 sa reconnaissance envers les femmes journalistes sportives, les partenaires, les minist\u00e8res et les diff\u00e9rentes structures qui ont soutenu cette c\u00e9l\u00e9bration. Elle a salu\u00e9 cette toute premi\u00e8re comm\u00e9moration officielle en C\u00f4te d\u2019Ivoire de la Journ\u00e9e Internationale du Journalisme Sportif. Pour elle, ce jour est historique, tant pour le pays que pour la profession, et symbolise la foi dans le potentiel du journalisme sportif comme vecteur de d\u00e9veloppement, d\u2019unit\u00e9 et d\u2019influence.<\/p>\n<p>Elle a rappel\u00e9 que cette journ\u00e9e a \u00e9t\u00e9 longuement pr\u00e9par\u00e9e, pens\u00e9e et port\u00e9e par des personnes convaincues de l\u2019importance de leur mission. C\u2019est un hommage vibrant \u00e0 toutes celles et ceux qui, \u00e0 travers micros et cam\u00e9ras, font vivre le sport au quotidien. Ces voix traduisent l\u2019intensit\u00e9 des comp\u00e9titions, mettent en valeur les athl\u00e8tes et racontent les grandes pages de l\u2019histoire sportive. Trop longtemps rest\u00e9es dans l\u2019ombre, notamment celles des femmes, ces voix gagnent aujourd\u2019hui en visibilit\u00e9, port\u00e9es par leur comp\u00e9tence, leur rigueur et leur regard sur le monde du sport.<\/p>\n<p>Cette premi\u00e8re \u00e9dition marque un tournant, mais elle ne constitue qu\u2019un d\u00e9but. L\u2019Ufresa ambitionne d\u2019en faire un rendez-vous annuel \u00e0 l\u2019\u00e9chelle du continent, un espace d\u2019\u00e9change, de valorisation et de projection pour la profession. Dans ce cadre, une formation pratique adapt\u00e9e aux r\u00e9alit\u00e9s du terrain a \u00e9t\u00e9 con\u00e7ue. Elle aborde les r\u00e9cits humains et \u00e9motionnels qui sous-tendent les performances sportives, la rigueur n\u00e9cessaire au traitement de l\u2019information dans un environnement satur\u00e9 de rumeurs, l\u2019art de la narration visuelle \u00e0 travers la photographie, ainsi que la lutte contre les fake news \u00e0 l\u2019\u00e8re de l\u2019intelligence artificielle.<\/p>\n<p>Cette journ\u00e9e s\u2019inscrit ainsi dans une dynamique de reconnaissance, de renforcement des capacit\u00e9s et de promotion des comp\u00e9tences f\u00e9minines dans le journalisme sportif.<\/p>\n<p><strong>Olivier Dion avec G\u00e9rard Batoua<\/strong><\/p>\n","protected":false},"excerpt":{"rendered":"<p>L\u2019Union des femmes reporters sportives d\u2019Afrique C\u00f4te d\u2019Ivoire (Ufresa-ci) a organis\u00e9 le vendredi 25 et samedi 26 juillet 2025 une journ\u00e9e d\u00e9di\u00e9e \u00e0 la valorisation des femmes dans le journalisme sportif. Une initiative salu\u00e9e pour sa pertinence, mettant en lumi\u00e8re le r\u00f4le des femmes dans un domaine encore largement domin\u00e9 par les hommes. Les rencontres [&hellip;]<\/p>\n","protected":false},"author":4,"featured_media":39379,"comment_status":"closed","ping_status":"closed","sticky":false,"template":"","format":"standard","meta":{"_monsterinsights_skip_tracking":false,"_monsterinsights_sitenote_active":false,"_monsterinsights_sitenote_note":"","_monsterinsights_sitenote_category":0,"footnotes":""},"categories":[2,3],"tags":[77,5777,5778,5776],"class_list":["post-39378","post","type-post","status-publish","format-standard","has-post-thumbnail","hentry","category-featured","category-societe","tag-cote-divoire","tag-femme","tag-journalisme-sportif","tag-ufresa-ci"],"_links":{"self":[{"href":"https:\/\/www.lintelligentdabidjan.info\/news\/wp-json\/wp\/v2\/posts\/39378","targetHints":{"allow":["GET"]}}],"collection":[{"href":"https:\/\/www.lintelligentdabidjan.info\/news\/wp-json\/wp\/v2\/posts"}],"about":[{"href":"https:\/\/www.lintelligentdabidjan.info\/news\/wp-json\/wp\/v2\/types\/post"}],"author":[{"embeddable":true,"href":"https:\/\/www.lintelligentdabidjan.info\/news\/wp-json\/wp\/v2\/users\/4"}],"replies":[{"embeddable":true,"href":"https:\/\/www.lintelligentdabidjan.info\/news\/wp-json\/wp\/v2\/comments?post=39378"}],"version-history":[{"count":2,"href":"https:\/\/www.lintelligentdabidjan.info\/news\/wp-json\/wp\/v2\/posts\/39378\/revisions"}],"predecessor-version":[{"id":39403,"href":"https:\/\/www.lintelligentdabidjan.info\/news\/wp-json\/wp\/v2\/posts\/39378\/revisions\/39403"}],"wp:featuredmedia":[{"embeddable":true,"href":"https:\/\/www.lintelligentdabidjan.info\/news\/wp-json\/wp\/v2\/media\/39379"}],"wp:attachment":[{"href":"https:\/\/www.lintelligentdabidjan.info\/news\/wp-json\/wp\/v2\/media?parent=39378"}],"wp:term":[{"taxonomy":"category","embeddable":true,"href":"https:\/\/www.lintelligentdabidjan.info\/news\/wp-json\/wp\/v2\/categories?post=39378"},{"taxonomy":"post_tag","embeddable":true,"href":"https:\/\/www.lintelligentdabidjan.info\/news\/wp-json\/wp\/v2\/tags?post=39378"}],"curies":[{"name":"wp","href":"https:\/\/api.w.org\/{rel}","templated":true}]}}