{"id":39390,"date":"2025-07-28T07:50:01","date_gmt":"2025-07-28T05:50:01","guid":{"rendered":"https:\/\/www.lintelligentdabidjan.info\/news\/?p=39390"},"modified":"2025-07-28T07:50:07","modified_gmt":"2025-07-28T05:50:07","slug":"ouaninou-dans-la-region-du-bafing-la-ministre-belmonde-dogo-galvanise-les-avec","status":"publish","type":"post","link":"https:\/\/www.lintelligentdabidjan.info\/news\/ouaninou-dans-la-region-du-bafing-la-ministre-belmonde-dogo-galvanise-les-avec\/","title":{"rendered":"Ouaninou dans la r\u00e9gion du Bafing : La ministre Belmonde Dogo galvanise les AVEC"},"content":{"rendered":"<p><em><strong>Le vendredi 25 juillet 2025 s&#8217;est tenue \u00e0 la place publique de Ouaninou, une c\u00e9r\u00e9monie de r\u00e9compense aux b\u00e9n\u00e9ficiaires des groupements d&#8217;Associations Villageoises d&#8217;Epargne et de Cr\u00e9dit (AVEC) organis\u00e9e par le minist\u00e8re de la Solidarit\u00e9 et de la Lutte contre la Pauvret\u00e9.<\/strong><\/em><\/p>\n<p>Cette c\u00e9r\u00e9monie a eu lieu en pr\u00e9sence du Ministre du Budget et du Portefeuille de l&#8217;\u00c9tat, Moussa Sanogo,  du Maire de Ouaninou et de la chefferie traditionnelle de la r\u00e9gion.<\/p>\n<p>L&#8217;objectif de cette c\u00e9r\u00e9monie \u00e9tait de promouvoir et de consolider les acquis du programme, \u00e0 travers l&#8217;incitation des communaut\u00e9s b\u00e9n\u00e9ficiaires  et non-b\u00e9n\u00e9ficiaires \u00e0 une adh\u00e9sion et une participation active aux mesures d&#8217;inclusion \u00e9conomique, y compris la mise en place de groupements AVEC.<\/p>\n<p>Ce sont au total onze (11) villages du d\u00e9partement qui ont \u00e9t\u00e9 r\u00e9compens\u00e9s apr\u00e8s une comp\u00e9tition des projets filets sociaux et les activit\u00e9s g\u00e9n\u00e9ratrices de revenus (AGR) organis\u00e9es dans le d\u00e9partement.<\/p>\n<p>Prenant la parole, la Ministre en charge de la Solidarit\u00e9 et de la Lutte contre la Pauvret\u00e9, Myss Belmonde Dogo, a salu\u00e9 l&#8217;esprit de coh\u00e9sion et d&#8217;entraide qui r\u00e8gne entre les filles et fils du d\u00e9partement de Ouaninou \u00e0 travers les AVEC.<\/p>\n<p>&#8220;Je suis heureuse de constater aujourd&#8217;hui que \u00e7a \u00e9volue bien. Les populations de Ouaninou sont formidables. Les 26 AVEC concern\u00e9es par cette c\u00e9r\u00e9monie nous ont montr\u00e9 leur s\u00e9rieux et leur soif de d\u00e9veloppement. Il nous revenait de les motiver \u00e0 maintenir cette pratique et \u00e0 la consolider. C&#8217;est pourquoi les r\u00e9compenses qui ont \u00e9t\u00e9 donn\u00e9es, notamment le mat\u00e9riel de travail, sont de justes r\u00e9compenses pour une population au travail ; une population qui fait confiance au Gouvernement, une population qui fait confiance au Pr\u00e9sident de la R\u00e9publique SEM Alassane Ouattara. Bravo ! Bravo ! Bravo aux femmes et aux hommes de Ouaninou. Que vos efforts soient couronn\u00e9s de succ\u00e8s, de bonheur et de bien-\u00eatre pour vos familles. Que vos associations soient un socle de paix et de coh\u00e9sion sociale&#8221;, a indiqu\u00e9 la Ministre Belmonde Dogo avant d&#8217;exprimer sa gratitude aux autorit\u00e9s locales du d\u00e9partement et de saisir l&#8217;occasion d&#8217;inviter les femmes et les hommes \u00e0 adh\u00e9rer massivement aux groupements AVEC.<\/p>\n<p>&#8220;C&#8217;est un plaisir renouvel\u00e9 pour moi de me retrouver pour la deuxi\u00e8me fois ici, \u00ab chez moi \u00bb, \u00e0 Ouaninou, dans le cadre des Filets Sociaux. Je dis \u00ab chez moi \u00bb, parce que Monsieur le Maire de la commune nous a ouvert grandement les portes de Ouaninou et les populations nous ont aussi r\u00e9serv\u00e9 un accueil chaleureux. C&#8217;est effectivement la deuxi\u00e8me fois que je me retrouve ici, pour la valorisation des efforts que nos vaillants b\u00e9n\u00e9ficiaires des Filets Sociaux font pour manifester, dans leurs rangs, une solidarit\u00e9 active. Le Programme Filets Sociaux dans le Bafing a couvert depuis 2018 plus de 9 345 b\u00e9n\u00e9ficiaires. Ce sont au total 5 103 b\u00e9n\u00e9ficiaires qui continuent de recevoir les transferts mon\u00e9taires tous les trois mois. Tout cela repr\u00e9sente un montant de trois milliards cinq cent soixante-quinze millions de francs FCFA qui ont \u00e9t\u00e9 redistribu\u00e9s \u00e0 nos parents pour les aider \u00e0 s&#8217;occuper de leurs familles. La bonne nouvelle, c&#8217;est que cela va se poursuivre parce que le nouveau programme des m\u00e9nages a \u00e9t\u00e9 lanc\u00e9 en 2025. De 2025 \u00e0 2027, ce sont 1 221 m\u00e9nages qui vont \u00eatre touch\u00e9s dans le Bafing et Ouaninou est donc naturellement concern\u00e9 avec 312 nouveaux m\u00e9nages. C&#8217;est toute la C\u00f4te d&#8217;Ivoire qui a compris qu&#8217;avec les Filets Sociaux, en se mettant ensemble, on gagne beaucoup plus, et on augmente ses chances de sortir de la pauvret\u00e9&#8221;, a ajout\u00e9 la Ministre Belmonde Dogo.<\/p>\n<p>Auparavant, le Maire de Ouaninou, Diomand\u00e9 Abdul Ahmara, a salu\u00e9 l&#8217;initiative du gouvernement qui apporte de l&#8217;aide \u00e0 des familles pauvres et qui a fait en sorte qu&#8217;aujourd&#8217;hui le d\u00e9partement de Ouaninou est en voie de sortir de la pauvret\u00e9:<\/p>\n<p>&#8220;Madame la Ministre, cette initiative des AVEC est formidable car elle montre qu&#8217;en se donnant la main, en \u00e9tant solidaire, on peut faire beaucoup. La solidarit\u00e9 est une r\u00e9alit\u00e9 \u00e0 travers les AVEC car ils se doivent de mobiliser les ressources par eux m\u00eame afin de parvenir \u00e0 leurs besoins&#8221; .<\/p>\n<p>Le  Programme Filets Sociaux  qui a touch\u00e9, \u00e0 ce jour, 432 000 m\u00e9nages b\u00e9n\u00e9ficiaires r\u00e9partis sur l&#8217;ensemble du territoire  a pour objectif d\u2019am\u00e9liorer les conditions de  vie de ces m\u00e9nages cibl\u00e9s parmi les plus pauvres, \u00e0 travers l\u2019octroi, sur trois (03) ans, de transferts mon\u00e9taires trimestriels non-remboursables d\u2019un montant de 36 000 F CFA, soit 144 000 F CFA \/ an <\/p>\n<p> Au-del\u00e0 des transferts mon\u00e9taires, le Programme met en place un dispositif d&#8217;encadrement de proximit\u00e9 des m\u00e9nages b\u00e9n\u00e9ficiaires en vue d&#8217;une utilisation rationnelle des ressources allou\u00e9es. L\u2019enjeu est celui d&#8217;une meilleure inclusion \u00e9conomique et sociale des m\u00e9nages concern\u00e9s. La consolidation et la valorisation des acquis, constituent, elles aussi, des d\u00e9fis auxquels le programme fait face.<\/p>\n<p>Au terme de cette c\u00e9r\u00e9monie,  plusieurs dons ont \u00e9t\u00e9 faits aux groupements d&#8217;associations  Villageoises( AVEC), tels que les  broyeuses,  les tricycles,  du mat\u00e9riel agricole,  des b\u00e2ches  pour poursuivre leurs activit\u00e9s.<\/p>\n<p><strong>Konhon Dominique <\/strong><\/p>\n","protected":false},"excerpt":{"rendered":"<p>Le vendredi 25 juillet 2025 s&#8217;est tenue \u00e0 la place publique de Ouaninou, une c\u00e9r\u00e9monie de r\u00e9compense aux b\u00e9n\u00e9ficiaires des groupements d&#8217;Associations Villageoises d&#8217;Epargne et de Cr\u00e9dit (AVEC) organis\u00e9e par le minist\u00e8re de la Solidarit\u00e9 et de la Lutte contre la Pauvret\u00e9. Cette c\u00e9r\u00e9monie a eu lieu en pr\u00e9sence du Ministre du Budget et du [&hellip;]<\/p>\n","protected":false},"author":4,"featured_media":39391,"comment_status":"closed","ping_status":"closed","sticky":false,"template":"","format":"standard","meta":{"_monsterinsights_skip_tracking":false,"_monsterinsights_sitenote_active":false,"_monsterinsights_sitenote_note":"","_monsterinsights_sitenote_category":0,"footnotes":""},"categories":[2,3],"tags":[5786,3732,5785,5784],"class_list":["post-39390","post","type-post","status-publish","format-standard","has-post-thumbnail","hentry","category-featured","category-societe","tag-avec","tag-belmonde-dogo","tag-la-region-du-bafing","tag-ouaninou"],"_links":{"self":[{"href":"https:\/\/www.lintelligentdabidjan.info\/news\/wp-json\/wp\/v2\/posts\/39390","targetHints":{"allow":["GET"]}}],"collection":[{"href":"https:\/\/www.lintelligentdabidjan.info\/news\/wp-json\/wp\/v2\/posts"}],"about":[{"href":"https:\/\/www.lintelligentdabidjan.info\/news\/wp-json\/wp\/v2\/types\/post"}],"author":[{"embeddable":true,"href":"https:\/\/www.lintelligentdabidjan.info\/news\/wp-json\/wp\/v2\/users\/4"}],"replies":[{"embeddable":true,"href":"https:\/\/www.lintelligentdabidjan.info\/news\/wp-json\/wp\/v2\/comments?post=39390"}],"version-history":[{"count":1,"href":"https:\/\/www.lintelligentdabidjan.info\/news\/wp-json\/wp\/v2\/posts\/39390\/revisions"}],"predecessor-version":[{"id":39392,"href":"https:\/\/www.lintelligentdabidjan.info\/news\/wp-json\/wp\/v2\/posts\/39390\/revisions\/39392"}],"wp:featuredmedia":[{"embeddable":true,"href":"https:\/\/www.lintelligentdabidjan.info\/news\/wp-json\/wp\/v2\/media\/39391"}],"wp:attachment":[{"href":"https:\/\/www.lintelligentdabidjan.info\/news\/wp-json\/wp\/v2\/media?parent=39390"}],"wp:term":[{"taxonomy":"category","embeddable":true,"href":"https:\/\/www.lintelligentdabidjan.info\/news\/wp-json\/wp\/v2\/categories?post=39390"},{"taxonomy":"post_tag","embeddable":true,"href":"https:\/\/www.lintelligentdabidjan.info\/news\/wp-json\/wp\/v2\/tags?post=39390"}],"curies":[{"name":"wp","href":"https:\/\/api.w.org\/{rel}","templated":true}]}}