{"id":39393,"date":"2025-07-28T07:52:50","date_gmt":"2025-07-28T05:52:50","guid":{"rendered":"https:\/\/www.lintelligentdabidjan.info\/news\/?p=39393"},"modified":"2025-07-28T07:52:50","modified_gmt":"2025-07-28T05:52:50","slug":"bouake-ceremonie-de-graduation-des-etudiants-en-master-dhistoire-une-promotion-placee-sous-le-signe-de-la-paix-et-de-la-cohesion-sociale","status":"publish","type":"post","link":"https:\/\/www.lintelligentdabidjan.info\/news\/bouake-ceremonie-de-graduation-des-etudiants-en-master-dhistoire-une-promotion-placee-sous-le-signe-de-la-paix-et-de-la-cohesion-sociale\/","title":{"rendered":"Bouak\u00e9 \u2013 C\u00e9r\u00e9monie de graduation des \u00e9tudiants en Master d\u2019Histoire : Une promotion plac\u00e9e sous le signe de la paix et de la coh\u00e9sion sociale"},"content":{"rendered":"<p><em><strong>Le d\u00e9partement d\u2019Histoire de l\u2019Universit\u00e9 Alassane Ouattara de Bouak\u00e9 a organis\u00e9, le samedi 26 juillet 2025, la c\u00e9r\u00e9monie de graduation des \u00e9tudiants sortants de Master 2, promotion 2021-2025. L\u2019\u00e9v\u00e9nement s\u2019est tenu dans l\u2019amphith\u00e9\u00e2tre C du campus 2, sous le th\u00e8me : \u00ab La responsabilit\u00e9 de l\u2019historien dans la pr\u00e9servation de la paix et de la stabilit\u00e9 en p\u00e9riode \u00e9lectorale \u00bb.<\/strong><\/em><\/p>\n<p>Au total, 123 \u00e9tudiants ont \u00e9t\u00e9 proclam\u00e9s \u00ab ma\u00eetres en Histoire \u00bb \u00e0 l\u2019issue de leurs soutenances de m\u00e9moire. Ils ont \u00e9t\u00e9 baptis\u00e9s promotion Bamba Mamadou, du nom du parrain scientifique de cette cohorte. Ce dernier a anim\u00e9, \u00e0 cette occasion, une conf\u00e9rence inaugurale, exhortant les jeunes dipl\u00f4m\u00e9s \u00e0 s\u2019impliquer activement dans la pr\u00e9servation de la paix \u00e0 l\u2019approche des \u00e9ch\u00e9ances \u00e9lectorales.<\/p>\n<p>Intervenant au nom du parrain, le professeur M\u2019Bra Kouakou D\u00e9sir\u00e9 a insist\u00e9 sur le r\u00f4le  des historiens dans la sauvegarde de la v\u00e9rit\u00e9 historique :<\/p>\n<p>\u00ab \u00c0 la veille des \u00e9lections pr\u00e9sidentielles, ils doivent \u00eatre des \u00e9claireurs de conscience. Lorsqu\u2019ils sentiront une manipulation de l\u2019histoire, ils doivent avoir le courage de r\u00e9tablir la v\u00e9rit\u00e9. \u00bb<\/p>\n<p>Il les a \u00e9galement encourag\u00e9s \u00e0 s\u2019orienter vers de nouvelles opportunit\u00e9s professionnelles :<\/p>\n<p>\u00ab La num\u00e9risation de l\u2019histoire offre aujourd\u2019hui de nombreuses perspectives d\u2019emploi. Ces dipl\u00f4m\u00e9s ne doivent pas se limiter \u00e0 la seule fonction publique \u00bb, a-t-il ajout\u00e9.<\/p>\n<p>Prenant la parole, le chef du d\u00e9partement d\u2019Histoire, Dr. Sangar\u00e9 Souleymane, a salu\u00e9 les efforts des \u00e9tudiants durant ces cinq ann\u00e9es d\u2019\u00e9tudes :<\/p>\n<p>\u00ab Cette c\u00e9r\u00e9monie marque l\u2019aboutissement d\u2019un long processus. Il y a cinq ans, des parents nous ont confi\u00e9 leurs enfants avec l\u2019espoir d\u2019en faire des dipl\u00f4m\u00e9s. Aujourd\u2019hui, c\u2019est chose faite. Je les invite \u00e0 continuer sur cette lanc\u00e9e, \u00e0 pers\u00e9v\u00e9rer et \u00e0 s\u2019ins\u00e9rer dans la vie professionnelle afin de contribuer au d\u00e9veloppement de la C\u00f4te d\u2019Ivoire. \u00bb<\/p>\n<p>Au nom de ses camarades, la repr\u00e9sentante de la promotion, Bamba Tchawa, a exprim\u00e9 sa gratitude envers les enseignants et encadreurs :<\/p>\n<p>\u00ab Cette c\u00e9r\u00e9monie est l\u2019aboutissement de plusieurs ann\u00e9es de travail acharn\u00e9, faites de sacrifices, de nuits blanches, de doutes, mais aussi de pers\u00e9v\u00e9rance. Nous remercions tous nos enseignants pour les connaissances transmises et leur engagement. \u00bb<\/p>\n<p>Cette c\u00e9r\u00e9monie de graduation marque donc la fin d\u2019un cycle acad\u00e9mique et l\u2019ouverture d\u2019un nouveau chapitre dans la vie professionnelle des laur\u00e9ats, dont certains se dirigeront d\u00e9sormais vers le march\u00e9 de l\u2019emploi.<\/p>\n<p><strong>Nambac\u00e9r\u00e9 Jo\u00ebl <\/strong><\/p>\n","protected":false},"excerpt":{"rendered":"<p>Le d\u00e9partement d\u2019Histoire de l\u2019Universit\u00e9 Alassane Ouattara de Bouak\u00e9 a organis\u00e9, le samedi 26 juillet 2025, la c\u00e9r\u00e9monie de graduation des \u00e9tudiants sortants de Master 2, promotion 2021-2025. L\u2019\u00e9v\u00e9nement s\u2019est tenu dans l\u2019amphith\u00e9\u00e2tre C du campus 2, sous le th\u00e8me : \u00ab La responsabilit\u00e9 de l\u2019historien dans la pr\u00e9servation de la paix et de la [&hellip;]<\/p>\n","protected":false},"author":4,"featured_media":39394,"comment_status":"closed","ping_status":"closed","sticky":false,"template":"","format":"standard","meta":{"_monsterinsights_skip_tracking":false,"_monsterinsights_sitenote_active":false,"_monsterinsights_sitenote_note":"","_monsterinsights_sitenote_category":0,"footnotes":""},"categories":[2,3],"tags":[125,2228,1840,598,5787,5788,655,1172],"class_list":["post-39393","post","type-post","status-publish","format-standard","has-post-thumbnail","hentry","category-featured","category-societe","tag-bouake","tag-ceremonie","tag-cohesion-sociale","tag-etudiants","tag-graduation","tag-master-dhistoire","tag-paix","tag-promotion"],"_links":{"self":[{"href":"https:\/\/www.lintelligentdabidjan.info\/news\/wp-json\/wp\/v2\/posts\/39393","targetHints":{"allow":["GET"]}}],"collection":[{"href":"https:\/\/www.lintelligentdabidjan.info\/news\/wp-json\/wp\/v2\/posts"}],"about":[{"href":"https:\/\/www.lintelligentdabidjan.info\/news\/wp-json\/wp\/v2\/types\/post"}],"author":[{"embeddable":true,"href":"https:\/\/www.lintelligentdabidjan.info\/news\/wp-json\/wp\/v2\/users\/4"}],"replies":[{"embeddable":true,"href":"https:\/\/www.lintelligentdabidjan.info\/news\/wp-json\/wp\/v2\/comments?post=39393"}],"version-history":[{"count":1,"href":"https:\/\/www.lintelligentdabidjan.info\/news\/wp-json\/wp\/v2\/posts\/39393\/revisions"}],"predecessor-version":[{"id":39395,"href":"https:\/\/www.lintelligentdabidjan.info\/news\/wp-json\/wp\/v2\/posts\/39393\/revisions\/39395"}],"wp:featuredmedia":[{"embeddable":true,"href":"https:\/\/www.lintelligentdabidjan.info\/news\/wp-json\/wp\/v2\/media\/39394"}],"wp:attachment":[{"href":"https:\/\/www.lintelligentdabidjan.info\/news\/wp-json\/wp\/v2\/media?parent=39393"}],"wp:term":[{"taxonomy":"category","embeddable":true,"href":"https:\/\/www.lintelligentdabidjan.info\/news\/wp-json\/wp\/v2\/categories?post=39393"},{"taxonomy":"post_tag","embeddable":true,"href":"https:\/\/www.lintelligentdabidjan.info\/news\/wp-json\/wp\/v2\/tags?post=39393"}],"curies":[{"name":"wp","href":"https:\/\/api.w.org\/{rel}","templated":true}]}}