{"id":39396,"date":"2025-07-28T07:55:06","date_gmt":"2025-07-28T05:55:06","guid":{"rendered":"https:\/\/www.lintelligentdabidjan.info\/news\/?p=39396"},"modified":"2025-07-28T07:55:12","modified_gmt":"2025-07-28T05:55:12","slug":"bouake-presidentielles-2025-les-jeunes-appeles-a-promouvoir-la-cohesion-sociale-et-la-paix","status":"publish","type":"post","link":"https:\/\/www.lintelligentdabidjan.info\/news\/bouake-presidentielles-2025-les-jeunes-appeles-a-promouvoir-la-cohesion-sociale-et-la-paix\/","title":{"rendered":"Bouak\u00e9 \u2013 Pr\u00e9sidentielles 2025 : Les jeunes appel\u00e9s \u00e0 promouvoir la coh\u00e9sion sociale et la paix"},"content":{"rendered":"<p><em><strong>La deuxi\u00e8me promotion des auditeurs du Politic Lab Bouak\u00e9, projet de formation politique et de gestion des affaires publiques, a organis\u00e9 une activit\u00e9 de dialogue et d\u2019\u00e9change, le samedi 26 juillet 2025, dans un h\u00f4tel de la ville. Soutenue par la Fondation Friedrich Naumann pour la Libert\u00e9, cette initiative avait pour th\u00e8me : \u00ab Le r\u00f4le des jeunes dans la pr\u00e9servation de la paix et de la coh\u00e9sion nationale \u00e0 l\u2019approche des \u00e9lections pr\u00e9sidentielles de 2025 \u00bb.<\/strong><\/em><\/p>\n<p>Cette rencontre a r\u00e9uni des repr\u00e9sentants de partis politiques, des jeunes leaders associatifs et syndicaux, des \u00e9tudiants, des chercheurs, des journalistes et des influenceurs. L\u2019objectif principal \u00e9tait de cr\u00e9er un cadre structur\u00e9 et pluraliste de dialogue autour des enjeux li\u00e9s au lib\u00e9ralisme politique et \u00e0 la souverainet\u00e9 nationale, en vue d\u2019une meilleure compr\u00e9hension des d\u00e9fis majeurs \u00e0 l\u2019aube de l\u2019\u00e9lection pr\u00e9sidentielle pr\u00e9vue en octobre 2025.<\/p>\n<p>Lors de cette activit\u00e9, An\u00e9 Charlemagne, d\u00e9l\u00e9gu\u00e9 de la deuxi\u00e8me promotion de Politic Lab Bouak\u00e9, a insist\u00e9 sur l\u2019importance de la paix et de la coh\u00e9sion pour la jeunesse locale.<\/p>\n<p>\u00ab La C\u00f4te d\u2019Ivoire doit poursuivre sa qu\u00eate de paix et de coh\u00e9sion. \u00c0 l\u2019approche des \u00e9lections, je pense que les jeunes, en particulier ceux de Bouak\u00e9, doivent se souvenir de notre pass\u00e9 et s\u2019inscrire dans une dynamique constructive. Nous devons \u0153uvrer pour la paix avant, pendant et apr\u00e8s les \u00e9lections d\u2019octobre prochain \u00bb, a-t-il d\u00e9clar\u00e9.<\/p>\n<p>Pour sa part, B\u00e9n\u00e9dicte Koffi, repr\u00e9sentante de la Directrice Afrique de l\u2019Ouest de la Fondation Friedrich Naumann pour la Libert\u00e9 en C\u00f4te d\u2019Ivoire, a soulign\u00e9 le r\u00f4le important de la jeunesse dans la consolidation de la coh\u00e9sion sociale.<\/p>\n<p>\u00ab La coh\u00e9sion sociale est un ciment fragile mais essentiel. Elle ne se construit pas uniquement \u00e0 travers des discours politiques ou des institutions, mais surtout par des actes. Construire la paix, ce n\u2019est pas fuir les divergences, c\u2019est apprendre \u00e0 d\u00e9battre sans se d\u00e9truire, \u00e0 s\u2019opposer sans se ha\u00efr. Il faut refuser la violence verbale, symbolique ou physique et choisir le dialogue, le respect et la coop\u00e9ration \u00bb, a-t-elle affirm\u00e9.<\/p>\n<p>Elle a \u00e9galement pr\u00e9cis\u00e9 que la paix durable &#8220;ne sera pas le fruit de promesses \u00e9lectorales ou de discours de fa\u00e7ade, mais le r\u00e9sultat de milliers d\u2019actes concrets port\u00e9s par une jeunesse consciente, engag\u00e9e, capable de se parler, de s\u2019\u00e9couter et de construire ensemble. \u00bb<\/p>\n<p>Pr\u00e9sent \u00e0 cette activit\u00e9, le pr\u00e9sident de la jeunesse communale de Bouak\u00e9, S\u00e9kongo Katongo F\u00e9lix, a salu\u00e9 l\u2019initiative.<\/p>\n<p> \u00ab Il faut que Bouak\u00e9 reste dans cette dynamique de paix et de coh\u00e9sion sociale. Les \u00e9lections ne doivent pas freiner notre d\u00e9veloppement. C\u2019est pourquoi il est important de sensibiliser les jeunes \u00e0 adopter des comportements responsables \u00bb, a-t-il soulign\u00e9.<\/p>\n<p>Depuis son lancement en 2016, le programme Politic Lab se positionne comme un acc\u00e9l\u00e9rateur de citoyennet\u00e9 active et de leadership politique responsable. Plus de 300 jeunes issus de partis politiques, de syndicats, d\u2019associations et de mouvements sociaux, \u00e0 Abidjan et \u00e0 Bouak\u00e9, ont d\u00e9j\u00e0 \u00e9t\u00e9 form\u00e9s. Le programme leur permet de mieux comprendre les enjeux d\u00e9mocratiques, de s\u2019exprimer en public, de construire des projets collectifs et de d\u00e9battre de mani\u00e8re constructive.<\/p>\n<p><strong>Nambac\u00e9r\u00e9 Jo\u00ebl <\/strong><\/p>\n","protected":false},"excerpt":{"rendered":"<p>La deuxi\u00e8me promotion des auditeurs du Politic Lab Bouak\u00e9, projet de formation politique et de gestion des affaires publiques, a organis\u00e9 une activit\u00e9 de dialogue et d\u2019\u00e9change, le samedi 26 juillet 2025, dans un h\u00f4tel de la ville. Soutenue par la Fondation Friedrich Naumann pour la Libert\u00e9, cette initiative avait pour th\u00e8me : \u00ab Le [&hellip;]<\/p>\n","protected":false},"author":4,"featured_media":39397,"comment_status":"closed","ping_status":"closed","sticky":false,"template":"","format":"standard","meta":{"_monsterinsights_skip_tracking":false,"_monsterinsights_sitenote_active":false,"_monsterinsights_sitenote_note":"","_monsterinsights_sitenote_category":0,"footnotes":""},"categories":[2,17],"tags":[125,1840,5789,655,3433],"class_list":["post-39396","post","type-post","status-publish","format-standard","has-post-thumbnail","hentry","category-featured","category-politique","tag-bouake","tag-cohesion-sociale","tag-les-jeunes","tag-paix","tag-presidentielles-2025"],"_links":{"self":[{"href":"https:\/\/www.lintelligentdabidjan.info\/news\/wp-json\/wp\/v2\/posts\/39396","targetHints":{"allow":["GET"]}}],"collection":[{"href":"https:\/\/www.lintelligentdabidjan.info\/news\/wp-json\/wp\/v2\/posts"}],"about":[{"href":"https:\/\/www.lintelligentdabidjan.info\/news\/wp-json\/wp\/v2\/types\/post"}],"author":[{"embeddable":true,"href":"https:\/\/www.lintelligentdabidjan.info\/news\/wp-json\/wp\/v2\/users\/4"}],"replies":[{"embeddable":true,"href":"https:\/\/www.lintelligentdabidjan.info\/news\/wp-json\/wp\/v2\/comments?post=39396"}],"version-history":[{"count":1,"href":"https:\/\/www.lintelligentdabidjan.info\/news\/wp-json\/wp\/v2\/posts\/39396\/revisions"}],"predecessor-version":[{"id":39398,"href":"https:\/\/www.lintelligentdabidjan.info\/news\/wp-json\/wp\/v2\/posts\/39396\/revisions\/39398"}],"wp:featuredmedia":[{"embeddable":true,"href":"https:\/\/www.lintelligentdabidjan.info\/news\/wp-json\/wp\/v2\/media\/39397"}],"wp:attachment":[{"href":"https:\/\/www.lintelligentdabidjan.info\/news\/wp-json\/wp\/v2\/media?parent=39396"}],"wp:term":[{"taxonomy":"category","embeddable":true,"href":"https:\/\/www.lintelligentdabidjan.info\/news\/wp-json\/wp\/v2\/categories?post=39396"},{"taxonomy":"post_tag","embeddable":true,"href":"https:\/\/www.lintelligentdabidjan.info\/news\/wp-json\/wp\/v2\/tags?post=39396"}],"curies":[{"name":"wp","href":"https:\/\/api.w.org\/{rel}","templated":true}]}}