{"id":39399,"date":"2025-07-28T07:58:43","date_gmt":"2025-07-28T05:58:43","guid":{"rendered":"https:\/\/www.lintelligentdabidjan.info\/news\/?p=39399"},"modified":"2025-07-28T07:58:48","modified_gmt":"2025-07-28T05:58:48","slug":"lintelligent-en-pdf-65eme-anniversaire-des-forces-armees-de-cote-divoire-tene-birahima-ouattara-larmee-est-aujourdhui-debout-disciplinee-et-prete-a-accompli","status":"publish","type":"post","link":"https:\/\/www.lintelligentdabidjan.info\/news\/lintelligent-en-pdf-65eme-anniversaire-des-forces-armees-de-cote-divoire-tene-birahima-ouattara-larmee-est-aujourdhui-debout-disciplinee-et-prete-a-accompli\/","title":{"rendered":"L&#8217;Intelligent en PDF:  65\u00e8me anniversaire des Forces arm\u00e9es de C\u00f4te d\u2019Ivoire- T\u00e9n\u00e9 Birahima Ouattara :   \u00ab L\u2019arm\u00e9e est aujourd\u2019hui debout, disciplin\u00e9e et pr\u00eate \u00e0 accomplir pleinement sa mission \u00bb"},"content":{"rendered":"<p><strong>La place d\u2019armes G\u00e9n\u00e9ral Ouattara Thomas d\u2019Aquin de l\u2019\u00e9tat-major g\u00e9n\u00e9ral des arm\u00e9es, \u00e0 Abidjan, a servi de cadre, le vendredi 25 juillet 2025, \u00e0 la c\u00e9r\u00e9monie de cl\u00f4ture des festivit\u00e9s marquant le 65e anniversaire de la cr\u00e9ation des Forces arm\u00e9es de C\u00f4te d\u2019Ivoire. Quel est le message livr\u00e9 par T\u00e9n\u00e9 Birahima Ouattara \u00e0 cette occasion? <\/strong><\/p>\n<p>Article \u00e0 d\u00e9couvrir dans vos kiosques et en ligne sur&#8230;<\/p>\n<p><a href=\"https:\/\/news.abidjan.net\/titrologie\/39-lintelligent-dabidjan\/articles\" target=\"_blank\">https:\/\/news.abidjan.net\/titrologie\/39-lintelligent-dabidjan\/articles<\/a><\/p>\n<p>\u00c0 lire aussi Nass\u00e9n\u00e9ba Tour\u00e9 mobilise plus de 3000 femmes \u00e0 l&#8217;occasion de la F\u00eate des m\u00e8res dans le Dengu\u00e9l\u00e9, Bamba Karim salue l\u2019adh\u00e9sion des populations de Zu\u00e9noula \u00e0 la CMU alors qu&#8217;on tend vers 21 millions d\u2019enr\u00f4l\u00e9s, TradimoVacances 2025 tient ses promesses \u00e0 Man apr\u00e8s Abengourou, Daloa et Korhogo, ACCESS CAIDP pour faciliter l\u2019acc\u00e8s \u00e0 l&#8217;information et aux documents publics, Le Cheikh A\u00efma Ousmane Diakit\u00e9 et Sidi Tour\u00e9 appellent \u00e0 la paix et \u00e0 l\u2019unit\u00e9 entre les communaut\u00e9s \u00e0 B\u00e9oumi lors de l&#8217;inauguration de deux mosqu\u00e9es. S\u00e9curit\u00e9 et salubrit\u00e9 en action autour des officiels \u00e0 Bouak\u00e9 pour les pr\u00e9paratifs du 7 ao\u00fbt 2025.<\/p>\n<p>Cliquez pour les d\u00e9tails<\/p>\n<p><a href=\"https:\/\/www.afrikipresse.fr\/abonnement\" target=\"_blank\">https:\/\/www.afrikipresse.fr\/abonnement<\/a><\/p>\n<p>\u00c0 voir \u00e9galement Hermann Toualy annonce que le programme PEJEDEC, en partenariat avec le C2D, a d\u00e9j\u00e0 permis de toucher 222 000 b\u00e9n\u00e9ficiaires et ce que Florent Yapi et Asalfo mijotent concernant Mafa Festival B\u00e9c\u00e9di-Brignan.<\/p>\n<p><a href=\"https:\/\/www.pressecotedivoire.fr\/titrologie\" target=\"_blank\">https:\/\/www.pressecotedivoire.fr\/titrologie<\/a><\/p>\n<p>&nbsp;<\/p>\n","protected":false},"excerpt":{"rendered":"<p>La place d\u2019armes G\u00e9n\u00e9ral Ouattara Thomas d\u2019Aquin de l\u2019\u00e9tat-major g\u00e9n\u00e9ral des arm\u00e9es, \u00e0 Abidjan, a servi de cadre, le vendredi 25 juillet 2025, \u00e0 la c\u00e9r\u00e9monie de cl\u00f4ture des festivit\u00e9s marquant le 65e anniversaire de la cr\u00e9ation des Forces arm\u00e9es de C\u00f4te d\u2019Ivoire. Quel est le message livr\u00e9 par T\u00e9n\u00e9 Birahima Ouattara \u00e0 cette occasion? [&hellip;]<\/p>\n","protected":false},"author":4,"featured_media":39400,"comment_status":"closed","ping_status":"closed","sticky":false,"template":"","format":"standard","meta":{"_monsterinsights_skip_tracking":false,"_monsterinsights_sitenote_active":false,"_monsterinsights_sitenote_note":"","_monsterinsights_sitenote_category":0,"footnotes":""},"categories":[2,3],"tags":[],"class_list":["post-39399","post","type-post","status-publish","format-standard","has-post-thumbnail","hentry","category-featured","category-societe"],"_links":{"self":[{"href":"https:\/\/www.lintelligentdabidjan.info\/news\/wp-json\/wp\/v2\/posts\/39399","targetHints":{"allow":["GET"]}}],"collection":[{"href":"https:\/\/www.lintelligentdabidjan.info\/news\/wp-json\/wp\/v2\/posts"}],"about":[{"href":"https:\/\/www.lintelligentdabidjan.info\/news\/wp-json\/wp\/v2\/types\/post"}],"author":[{"embeddable":true,"href":"https:\/\/www.lintelligentdabidjan.info\/news\/wp-json\/wp\/v2\/users\/4"}],"replies":[{"embeddable":true,"href":"https:\/\/www.lintelligentdabidjan.info\/news\/wp-json\/wp\/v2\/comments?post=39399"}],"version-history":[{"count":1,"href":"https:\/\/www.lintelligentdabidjan.info\/news\/wp-json\/wp\/v2\/posts\/39399\/revisions"}],"predecessor-version":[{"id":39401,"href":"https:\/\/www.lintelligentdabidjan.info\/news\/wp-json\/wp\/v2\/posts\/39399\/revisions\/39401"}],"wp:featuredmedia":[{"embeddable":true,"href":"https:\/\/www.lintelligentdabidjan.info\/news\/wp-json\/wp\/v2\/media\/39400"}],"wp:attachment":[{"href":"https:\/\/www.lintelligentdabidjan.info\/news\/wp-json\/wp\/v2\/media?parent=39399"}],"wp:term":[{"taxonomy":"category","embeddable":true,"href":"https:\/\/www.lintelligentdabidjan.info\/news\/wp-json\/wp\/v2\/categories?post=39399"},{"taxonomy":"post_tag","embeddable":true,"href":"https:\/\/www.lintelligentdabidjan.info\/news\/wp-json\/wp\/v2\/tags?post=39399"}],"curies":[{"name":"wp","href":"https:\/\/api.w.org\/{rel}","templated":true}]}}