{"id":39416,"date":"2025-07-29T07:23:11","date_gmt":"2025-07-29T05:23:11","guid":{"rendered":"https:\/\/www.lintelligentdabidjan.info\/news\/?p=39416"},"modified":"2025-07-29T12:55:55","modified_gmt":"2025-07-29T10:55:55","slug":"reinsertion-et-sante-mentale-loscn-outille-ses-encadreurs-pour-accompagner-autrement-les-jeunes-vulnerables","status":"publish","type":"post","link":"https:\/\/www.lintelligentdabidjan.info\/news\/reinsertion-et-sante-mentale-loscn-outille-ses-encadreurs-pour-accompagner-autrement-les-jeunes-vulnerables\/","title":{"rendered":"R\u00e9insertion et sant\u00e9 mentale- L\u2019Oscn outille ses encadreurs pour accompagner autrement les jeunes vuln\u00e9rables"},"content":{"rendered":"<p><em><strong>\u00c0 l\u2019initiative de l\u2019Office du service civique national (Oscn), sous la tutelle du minist\u00e8re de la Promotion de la Jeunesse, de l\u2019Insertion Professionnelle et du Service Civique, et en partenariat avec le Programme national de sant\u00e9 mentale (Pnsm), un atelier de formation s\u2019est tenu \u00e0 Grand-Bassam, du mardi 22 au samedi 26 juillet 2025.<\/strong><\/em><\/p>\n<p>Pendant cinq jours, des professionnels des centres de service civique de Bimbresso et de Bouak\u00e9 ont \u00e9t\u00e9 form\u00e9s aux techniques de sant\u00e9 mentale et de soutien psychosocial (Smsps). Dans un contexte marqu\u00e9 par les d\u00e9fis de l\u2019insertion et les fragilit\u00e9s psychologiques que vivent certains jeunes notamment les migrants de retour cette session visait \u00e0 doter les personnels d\u2019encadrement (m\u00e9decins, psychologues, assistants sociaux, \u00e9ducateurs, encadreurs militaires\u2026) d\u2019outils concrets pour mieux accompagner ces populations vuln\u00e9rables. \u00ab Cette initiative marque un tournant important dans notre ambition d\u2019accompagner les jeunes au-del\u00e0 de la simple formation civique ou professionnelle. Il s\u2019agit de les aider \u00e0 gu\u00e9rir int\u00e9rieurement pour mieux rebondir \u00bb, a d\u00e9clar\u00e9 Amara Coulibaly, Directeur g\u00e9n\u00e9ral de l\u2019Oscn. Soutenu par Expertise France et l\u2019Union europ\u00e9enne, ce renforcement de capacit\u00e9s s\u2019inscrit dans le cadre du projet Migret, d\u00e9di\u00e9 \u00e0 la r\u00e9int\u00e9gration durable des migrants de retour en C\u00f4te d\u2019Ivoire et \u00e0 la lutte contre la traite des personnes.<\/p>\n<p>Les travaux ont altern\u00e9 expos\u00e9s th\u00e9oriques, exercices pratiques, jeux de r\u00f4les et travaux de groupe. Les th\u00e9matiques abord\u00e9es ont port\u00e9 sur l\u2019identification des troubles mentaux, les approches d\u2019\u00e9coute active, le soutien individuel et collectif, et les strat\u00e9gies de mobilisation communautaire autour des questions de sant\u00e9 mentale. \u00ab Aujourd\u2019hui, nous devons comprendre que la vuln\u00e9rabilit\u00e9 mentale est un frein silencieux \u00e0 l\u2019autonomisation des jeunes. Former les encadreurs \u00e0 la gestion des traumatismes et \u00e0 l\u2019accompagnement psychosocial est un imp\u00e9ratif national \u00bb, a soulign\u00e9 Konan Kouam\u00e9 Louis, repr\u00e9sentant du Directeur coordonnateur du Programme National de Sant\u00e9 Mentale. Les participants ont salu\u00e9 la qualit\u00e9 de la formation, qu\u2019ils consid\u00e8rent comme essentielle pour accompagner plus efficacement les jeunes pris en charge dans les centres civiques \u00e0 travers le pays.<\/p>\n<p>Avec cet atelier, l\u2019Oscn et le Pnsm renforcent leur synergie au service de l\u2019\u00e9panouissement psychosocial de la jeunesse ivoirienne, en int\u00e9grant la sant\u00e9 mentale comme levier strat\u00e9gique de la r\u00e9insertion et du civisme.<\/p>\n<p><strong>Mamadou Ouattara avec Ly Abdul <\/strong><\/p>\n","protected":false},"excerpt":{"rendered":"<p>\u00c0 l\u2019initiative de l\u2019Office du service civique national (Oscn), sous la tutelle du minist\u00e8re de la Promotion de la Jeunesse, de l\u2019Insertion Professionnelle et du Service Civique, et en partenariat avec le Programme national de sant\u00e9 mentale (Pnsm), un atelier de formation s\u2019est tenu \u00e0 Grand-Bassam, du mardi 22 au samedi 26 juillet 2025. Pendant [&hellip;]<\/p>\n","protected":false},"author":4,"featured_media":39422,"comment_status":"closed","ping_status":"closed","sticky":false,"template":"","format":"standard","meta":{"_monsterinsights_skip_tracking":false,"_monsterinsights_sitenote_active":false,"_monsterinsights_sitenote_note":"","_monsterinsights_sitenote_category":0,"footnotes":""},"categories":[2,3],"tags":[5808,5807,5809,5806,2825,5805],"class_list":["post-39416","post","type-post","status-publish","format-standard","has-post-thumbnail","hentry","category-featured","category-societe","tag-accompagner","tag-encadreurs","tag-jeunes-vulnerables","tag-loscn","tag-reinsertion","tag-sante-mentale"],"_links":{"self":[{"href":"https:\/\/www.lintelligentdabidjan.info\/news\/wp-json\/wp\/v2\/posts\/39416","targetHints":{"allow":["GET"]}}],"collection":[{"href":"https:\/\/www.lintelligentdabidjan.info\/news\/wp-json\/wp\/v2\/posts"}],"about":[{"href":"https:\/\/www.lintelligentdabidjan.info\/news\/wp-json\/wp\/v2\/types\/post"}],"author":[{"embeddable":true,"href":"https:\/\/www.lintelligentdabidjan.info\/news\/wp-json\/wp\/v2\/users\/4"}],"replies":[{"embeddable":true,"href":"https:\/\/www.lintelligentdabidjan.info\/news\/wp-json\/wp\/v2\/comments?post=39416"}],"version-history":[{"count":2,"href":"https:\/\/www.lintelligentdabidjan.info\/news\/wp-json\/wp\/v2\/posts\/39416\/revisions"}],"predecessor-version":[{"id":39423,"href":"https:\/\/www.lintelligentdabidjan.info\/news\/wp-json\/wp\/v2\/posts\/39416\/revisions\/39423"}],"wp:featuredmedia":[{"embeddable":true,"href":"https:\/\/www.lintelligentdabidjan.info\/news\/wp-json\/wp\/v2\/media\/39422"}],"wp:attachment":[{"href":"https:\/\/www.lintelligentdabidjan.info\/news\/wp-json\/wp\/v2\/media?parent=39416"}],"wp:term":[{"taxonomy":"category","embeddable":true,"href":"https:\/\/www.lintelligentdabidjan.info\/news\/wp-json\/wp\/v2\/categories?post=39416"},{"taxonomy":"post_tag","embeddable":true,"href":"https:\/\/www.lintelligentdabidjan.info\/news\/wp-json\/wp\/v2\/tags?post=39416"}],"curies":[{"name":"wp","href":"https:\/\/api.w.org\/{rel}","templated":true}]}}