{"id":39418,"date":"2025-07-29T07:26:38","date_gmt":"2025-07-29T05:26:38","guid":{"rendered":"https:\/\/www.lintelligentdabidjan.info\/news\/?p=39418"},"modified":"2025-07-29T07:26:46","modified_gmt":"2025-07-29T05:26:46","slug":"lintelligent-en-pdf-projet-immobilier-les-jardins-dahoue-le-gouvernement-donne-aux-acteurs-des-medias-les-moyens-de-la-serenite","status":"publish","type":"post","link":"https:\/\/www.lintelligentdabidjan.info\/news\/lintelligent-en-pdf-projet-immobilier-les-jardins-dahoue-le-gouvernement-donne-aux-acteurs-des-medias-les-moyens-de-la-serenite\/","title":{"rendered":"L&#8217;Intelligent en PDF:  Projet immobilier \u2019Les Jardins d\u2019Ahou\u00e9\u2019- Le gouvernement donne aux acteurs des m\u00e9dias les moyens de la s\u00e9r\u00e9nit\u00e9"},"content":{"rendered":"<p><strong>Le lancement du projet immobilier destin\u00e9 aux acteurs des m\u00e9dias d\u00e9nomm\u00e9 \u2018\u2019Les Jardins d\u2019Ahou\u00e9\u2019\u2019 est une \u00e9tape importante dans l&#8217;am\u00e9lioration des conditions de vie des professionnels du secteur. Subventionn\u00e9 par le minist\u00e8re de la Communication, le projet immobilier en faveur des acteurs de la communication et des m\u00e9dias permet d&#8217;offrir les appartements \u00e0 des co\u00fbts relativement ma\u00eetris\u00e9s. Robert Beugr\u00e9 Mamb\u00e9, Premier ministre, ministre des Sports et du Cadre de vie, a \u00e9voqu\u00e9 trois symboles repr\u00e9sentant l&#8217;engagement du gouvernement envers les acteurs des m\u00e9dias. Quel est le message livr\u00e9 par Mamb\u00e9?<\/strong><\/p>\n<p>Article \u00e0 d\u00e9couvrir en ligne sur&#8230;<\/p>\n<p><a href=\"https:\/\/news.abidjan.net\/titrologie\/39-lintelligent-dabidjan\/articles\" target=\"_blank\">https:\/\/news.abidjan.net\/titrologie\/39-lintelligent-dabidjan\/articles<\/a><\/p>\n<p>\u00c0 lire aussi le sujet des \u00e9lections \u00e0 la FIF n&#8217;est pas \u00e0 l&#8217;ordre du jour, selon Ciss\u00e9 Souleymane, Billon pour des dirigeants au service du peuple, Dj\u00e8 Wohou Anne-Marie sacr\u00e9e Awoulaba Afrique 2025, Sassou N\u2019Guesso fait tomber les rideaux du Festival panafricain de musique<\/p>\n<p>Cliquez pour les d\u00e9tails<\/p>\n<p><a href=\"https:\/\/www.afrikipresse.fr\/abonnement\" target=\"_blank\">https:\/\/www.afrikipresse.fr\/abonnement<\/a><\/p>\n<p>\u00c0 voir \u00e9galement des recruteurs et b\u00e9n\u00e9ficiaires t\u00e9moignent de la Foire Emploi et Recrutement.<\/p>\n<p><a href=\"https:\/\/www.pressecotedivoire.fr\/titrologie\" target=\"_blank\">https:\/\/www.pressecotedivoire.fr\/titrologie<\/a><\/p>\n","protected":false},"excerpt":{"rendered":"<p>Le lancement du projet immobilier destin\u00e9 aux acteurs des m\u00e9dias d\u00e9nomm\u00e9 \u2018\u2019Les Jardins d\u2019Ahou\u00e9\u2019\u2019 est une \u00e9tape importante dans l&#8217;am\u00e9lioration des conditions de vie des professionnels du secteur. Subventionn\u00e9 par le minist\u00e8re de la Communication, le projet immobilier en faveur des acteurs de la communication et des m\u00e9dias permet d&#8217;offrir les appartements \u00e0 des co\u00fbts [&hellip;]<\/p>\n","protected":false},"author":4,"featured_media":39419,"comment_status":"closed","ping_status":"closed","sticky":false,"template":"","format":"standard","meta":{"_monsterinsights_skip_tracking":false,"_monsterinsights_sitenote_active":false,"_monsterinsights_sitenote_note":"","_monsterinsights_sitenote_category":0,"footnotes":""},"categories":[2,3],"tags":[],"class_list":["post-39418","post","type-post","status-publish","format-standard","has-post-thumbnail","hentry","category-featured","category-societe"],"_links":{"self":[{"href":"https:\/\/www.lintelligentdabidjan.info\/news\/wp-json\/wp\/v2\/posts\/39418","targetHints":{"allow":["GET"]}}],"collection":[{"href":"https:\/\/www.lintelligentdabidjan.info\/news\/wp-json\/wp\/v2\/posts"}],"about":[{"href":"https:\/\/www.lintelligentdabidjan.info\/news\/wp-json\/wp\/v2\/types\/post"}],"author":[{"embeddable":true,"href":"https:\/\/www.lintelligentdabidjan.info\/news\/wp-json\/wp\/v2\/users\/4"}],"replies":[{"embeddable":true,"href":"https:\/\/www.lintelligentdabidjan.info\/news\/wp-json\/wp\/v2\/comments?post=39418"}],"version-history":[{"count":1,"href":"https:\/\/www.lintelligentdabidjan.info\/news\/wp-json\/wp\/v2\/posts\/39418\/revisions"}],"predecessor-version":[{"id":39420,"href":"https:\/\/www.lintelligentdabidjan.info\/news\/wp-json\/wp\/v2\/posts\/39418\/revisions\/39420"}],"wp:featuredmedia":[{"embeddable":true,"href":"https:\/\/www.lintelligentdabidjan.info\/news\/wp-json\/wp\/v2\/media\/39419"}],"wp:attachment":[{"href":"https:\/\/www.lintelligentdabidjan.info\/news\/wp-json\/wp\/v2\/media?parent=39418"}],"wp:term":[{"taxonomy":"category","embeddable":true,"href":"https:\/\/www.lintelligentdabidjan.info\/news\/wp-json\/wp\/v2\/categories?post=39418"},{"taxonomy":"post_tag","embeddable":true,"href":"https:\/\/www.lintelligentdabidjan.info\/news\/wp-json\/wp\/v2\/tags?post=39418"}],"curies":[{"name":"wp","href":"https:\/\/api.w.org\/{rel}","templated":true}]}}