{"id":39425,"date":"2025-07-30T01:55:44","date_gmt":"2025-07-29T23:55:44","guid":{"rendered":"https:\/\/www.lintelligentdabidjan.info\/news\/?p=39425"},"modified":"2025-07-30T01:55:44","modified_gmt":"2025-07-29T23:55:44","slug":"presidentielle-2025-diarra-bilali-se-retire-et-apporte-son-soutien-a-alassane-ouattara","status":"publish","type":"post","link":"https:\/\/www.lintelligentdabidjan.info\/news\/presidentielle-2025-diarra-bilali-se-retire-et-apporte-son-soutien-a-alassane-ouattara\/","title":{"rendered":"Pr\u00e9sidentielle 2025- Diarra Bilali se retire et apporte son soutien \u00e0 Alassane Ouattara"},"content":{"rendered":"<p><em><strong>La pr\u00e9sidentielle de 2025 conna\u00eet un nouveau rebondissement. Le mardi 29 juillet 2025, Diarra Bilali, pr\u00e9sident du Mouvement d\u00e9mocratique pour le renouveau (Mdr), a annonc\u00e9 son retrait de la course \u00e0 la magistrature supr\u00eame, apportant son soutien au pr\u00e9sident sortant Alassane Ouattara.<\/strong><\/em><\/p>\n<p>Ce revirement intervient quelques heures seulement apr\u00e8s la confirmation officielle de la candidature d\u2019Alassane Ouattara pour un nouveau mandat \u00e0 la t\u00eate du pays. <\/p>\n<p>Face \u00e0 ses partisans r\u00e9unis \u00e0 Abidjan, Diarra Bilali a expliqu\u00e9 sa d\u00e9cision par un souci de paix et de stabilit\u00e9 nationale.<\/p>\n<p>\u00ab Apr\u00e8s une analyse approfondie de la situation du pays, j\u2019ai choisi de soutenir le pr\u00e9sident Alassane Ouattara, garant de la continuit\u00e9 et de la coh\u00e9sion sociale \u00bb, a-t-il d\u00e9clar\u00e9.<\/p>\n<p>Celui qui s&#8217;\u00e9tait r\u00e9cemment procur\u00e9 les kits de parrainage aupr\u00e8s de la Commission \u00e9lectorale ind\u00e9pendante (Cei) a affirm\u00e9 vouloir privil\u00e9gier l\u2019int\u00e9r\u00eat national au d\u00e9triment de ses ambitions personnelles.<\/p>\n<p>\u00ab Mon combat reste celui de la jeunesse, du progr\u00e8s et du vivre-ensemble. Aujourd\u2019hui, cela passe par un engagement sinc\u00e8re aux c\u00f4t\u00e9s du chef de l\u2019\u00c9tat \u00bb, a-t-il soulign\u00e9.<\/p>\n<p>\u00ab Ce n\u2019est pas une d\u00e9mission, mais un repositionnement strat\u00e9gique. Je reste engag\u00e9 pour la jeunesse ivoirienne, d\u00e9sormais aux c\u00f4t\u00e9s du pr\u00e9sident Ouattara \u00bb, a-t-il conclu, invitant ses militants \u00e0 rallier massivement le candidat du Rhdp.<\/p>\n<p>Le Mdr a \u00e9t\u00e9 fond\u00e9 en 2023.  Diarra Bilali s\u2019\u00e9tait rapidement impos\u00e9 comme une figure montante d\u2019une opposition jeune et ambitieuse, port\u00e9e par des id\u00e9aux de rupture et de renouveau politique. Son retrait n\u2019est donc pas synonyme de silence.<\/p>\n<p><strong>Beker Yao <\/strong><\/p>\n","protected":false},"excerpt":{"rendered":"<p>La pr\u00e9sidentielle de 2025 conna\u00eet un nouveau rebondissement. Le mardi 29 juillet 2025, Diarra Bilali, pr\u00e9sident du Mouvement d\u00e9mocratique pour le renouveau (Mdr), a annonc\u00e9 son retrait de la course \u00e0 la magistrature supr\u00eame, apportant son soutien au pr\u00e9sident sortant Alassane Ouattara. Ce revirement intervient quelques heures seulement apr\u00e8s la confirmation officielle de la candidature [&hellip;]<\/p>\n","protected":false},"author":4,"featured_media":39426,"comment_status":"closed","ping_status":"closed","sticky":false,"template":"","format":"standard","meta":{"_monsterinsights_skip_tracking":false,"_monsterinsights_sitenote_active":false,"_monsterinsights_sitenote_note":"","_monsterinsights_sitenote_category":0,"footnotes":""},"categories":[2,17],"tags":[39,5810,1621],"class_list":["post-39425","post","type-post","status-publish","format-standard","has-post-thumbnail","hentry","category-featured","category-politique","tag-alassane-ouattara","tag-diarra-bilali","tag-presidentielle-2025"],"_links":{"self":[{"href":"https:\/\/www.lintelligentdabidjan.info\/news\/wp-json\/wp\/v2\/posts\/39425","targetHints":{"allow":["GET"]}}],"collection":[{"href":"https:\/\/www.lintelligentdabidjan.info\/news\/wp-json\/wp\/v2\/posts"}],"about":[{"href":"https:\/\/www.lintelligentdabidjan.info\/news\/wp-json\/wp\/v2\/types\/post"}],"author":[{"embeddable":true,"href":"https:\/\/www.lintelligentdabidjan.info\/news\/wp-json\/wp\/v2\/users\/4"}],"replies":[{"embeddable":true,"href":"https:\/\/www.lintelligentdabidjan.info\/news\/wp-json\/wp\/v2\/comments?post=39425"}],"version-history":[{"count":1,"href":"https:\/\/www.lintelligentdabidjan.info\/news\/wp-json\/wp\/v2\/posts\/39425\/revisions"}],"predecessor-version":[{"id":39427,"href":"https:\/\/www.lintelligentdabidjan.info\/news\/wp-json\/wp\/v2\/posts\/39425\/revisions\/39427"}],"wp:featuredmedia":[{"embeddable":true,"href":"https:\/\/www.lintelligentdabidjan.info\/news\/wp-json\/wp\/v2\/media\/39426"}],"wp:attachment":[{"href":"https:\/\/www.lintelligentdabidjan.info\/news\/wp-json\/wp\/v2\/media?parent=39425"}],"wp:term":[{"taxonomy":"category","embeddable":true,"href":"https:\/\/www.lintelligentdabidjan.info\/news\/wp-json\/wp\/v2\/categories?post=39425"},{"taxonomy":"post_tag","embeddable":true,"href":"https:\/\/www.lintelligentdabidjan.info\/news\/wp-json\/wp\/v2\/tags?post=39425"}],"curies":[{"name":"wp","href":"https:\/\/api.w.org\/{rel}","templated":true}]}}