{"id":39428,"date":"2025-07-30T02:02:01","date_gmt":"2025-07-30T00:02:01","guid":{"rendered":"https:\/\/www.lintelligentdabidjan.info\/news\/?p=39428"},"modified":"2025-07-30T02:02:15","modified_gmt":"2025-07-30T00:02:15","slug":"lintelligent-en-pdf-le-chef-de-letat-a-annonce-sa-candidature-hier-ouattara-sort-dans-dos-et-cest-relance","status":"publish","type":"post","link":"https:\/\/www.lintelligentdabidjan.info\/news\/lintelligent-en-pdf-le-chef-de-letat-a-annonce-sa-candidature-hier-ouattara-sort-dans-dos-et-cest-relance\/","title":{"rendered":"L\u2019Intelligent en PDF : Le chef de l&#8217;\u00c9tat a annonc\u00e9 sa candidature, hier   Ouattara sort dans  dos et c&#8217;est relanc\u00e9 !"},"content":{"rendered":"<p><strong>Attendue pour le 6 ao\u00fbt 2025 , l\u2019annonce de la candidature du pr\u00e9sident Alassane Ouattara est intervenue hier 29 juillet 2025. S\u2019agit-il d\u2019un choix qui vise \u00e0 maintenir ou garder le contr\u00f4le du calendrier politique et \u00e0 balayer les incertitudes, \u00e0 mettre fin \u00e0 une attente devenue difficile \u00e0 g\u00e9rer par les siens, mais aussi les adversaires politiques ?<\/strong><\/p>\n<p>Article \u00e0 d\u00e9couvrir dans vos kiosques et en ligne sur\u2026<\/p>\n<p><a href=\"https:\/\/news.abidjan.net\/titrologie\/39-lintelligent-dabidjan\/articles\" target=\"_blank\">https:\/\/news.abidjan.net\/titrologie\/39-lintelligent-dabidjan\/articles<\/a><\/p>\n<p>\u00c0 lire aussi ce qu\u2019on dit et fait Bacongo, Thiam, Affi, Soro , Boga Sako et Anne Ouloto dans le pays, Le front commun va-t-il d\u00e9fier l\u2019interdiction de sa marche projet\u00e9e le 2 ao\u00fbt 2025<\/p>\n<p>Cliquez pour les d\u00e9tails<\/p>\n<p><a href=\"https:\/\/www.afrikipresse.fr\/abonnement\" target=\"_blank\">https:\/\/www.afrikipresse.fr\/abonnement<\/a><\/p>\n<p>\u00c0 voir \u00e9galement la Coordonnatrice r\u00e9sidente des Nations Unies H\u00e9l\u00e8ne N\u2019Garnin-Ganga re\u00e7ue par la Premi\u00e8re Dame Dominique Ouattara.<\/p>\n<p><a href=\"https:\/\/www.pressecotedivoire.fr\/titrologie\" target=\"_blank\">https:\/\/www.pressecotedivoire.fr\/titrologie<\/a><\/p>\n","protected":false},"excerpt":{"rendered":"<p>Attendue pour le 6 ao\u00fbt 2025 , l\u2019annonce de la candidature du pr\u00e9sident Alassane Ouattara est intervenue hier 29 juillet 2025. S\u2019agit-il d\u2019un choix qui vise \u00e0 maintenir ou garder le contr\u00f4le du calendrier politique et \u00e0 balayer les incertitudes, \u00e0 mettre fin \u00e0 une attente devenue difficile \u00e0 g\u00e9rer par les siens, mais aussi [&hellip;]<\/p>\n","protected":false},"author":4,"featured_media":39429,"comment_status":"closed","ping_status":"closed","sticky":false,"template":"","format":"standard","meta":{"_monsterinsights_skip_tracking":false,"_monsterinsights_sitenote_active":false,"_monsterinsights_sitenote_note":"","_monsterinsights_sitenote_category":0,"footnotes":""},"categories":[2,3],"tags":[],"class_list":["post-39428","post","type-post","status-publish","format-standard","has-post-thumbnail","hentry","category-featured","category-societe"],"_links":{"self":[{"href":"https:\/\/www.lintelligentdabidjan.info\/news\/wp-json\/wp\/v2\/posts\/39428","targetHints":{"allow":["GET"]}}],"collection":[{"href":"https:\/\/www.lintelligentdabidjan.info\/news\/wp-json\/wp\/v2\/posts"}],"about":[{"href":"https:\/\/www.lintelligentdabidjan.info\/news\/wp-json\/wp\/v2\/types\/post"}],"author":[{"embeddable":true,"href":"https:\/\/www.lintelligentdabidjan.info\/news\/wp-json\/wp\/v2\/users\/4"}],"replies":[{"embeddable":true,"href":"https:\/\/www.lintelligentdabidjan.info\/news\/wp-json\/wp\/v2\/comments?post=39428"}],"version-history":[{"count":1,"href":"https:\/\/www.lintelligentdabidjan.info\/news\/wp-json\/wp\/v2\/posts\/39428\/revisions"}],"predecessor-version":[{"id":39430,"href":"https:\/\/www.lintelligentdabidjan.info\/news\/wp-json\/wp\/v2\/posts\/39428\/revisions\/39430"}],"wp:featuredmedia":[{"embeddable":true,"href":"https:\/\/www.lintelligentdabidjan.info\/news\/wp-json\/wp\/v2\/media\/39429"}],"wp:attachment":[{"href":"https:\/\/www.lintelligentdabidjan.info\/news\/wp-json\/wp\/v2\/media?parent=39428"}],"wp:term":[{"taxonomy":"category","embeddable":true,"href":"https:\/\/www.lintelligentdabidjan.info\/news\/wp-json\/wp\/v2\/categories?post=39428"},{"taxonomy":"post_tag","embeddable":true,"href":"https:\/\/www.lintelligentdabidjan.info\/news\/wp-json\/wp\/v2\/tags?post=39428"}],"curies":[{"name":"wp","href":"https:\/\/api.w.org\/{rel}","templated":true}]}}