{"id":39440,"date":"2025-07-31T06:59:46","date_gmt":"2025-07-31T04:59:46","guid":{"rendered":"https:\/\/www.lintelligentdabidjan.info\/news\/?p=39440"},"modified":"2025-07-31T06:59:53","modified_gmt":"2025-07-31T04:59:53","slug":"15e-edition-de-la-semaine-nationale-du-civisme-dans-le-gbeke-ce-qui-est-prevu","status":"publish","type":"post","link":"https:\/\/www.lintelligentdabidjan.info\/news\/15e-edition-de-la-semaine-nationale-du-civisme-dans-le-gbeke-ce-qui-est-prevu\/","title":{"rendered":"15e \u00e9dition de la Semaine nationale du civisme dans le Gb\u00eak\u00ea-  Ce qui est pr\u00e9vu"},"content":{"rendered":"<p><em><strong> Voici ce qui est pr\u00e9vu pour la 15\u1d49 \u00e9dition de la Semaine nationale du civisme dans la r\u00e9gion du Gb\u00eak\u00ea.<\/strong><\/em><\/p>\n<p>La r\u00e9gion du Gb\u00eak\u00ea se pr\u00e9pare \u00e0 vivre, du 1er au 6 ao\u00fbt 2025, la 15\u1d49 \u00e9dition de la Semaine nationale du civisme, plac\u00e9e sous le th\u00e8me : \u00ab Agissons ensemble pour pr\u00e9server la paix et la coh\u00e9sion sociale \u00bb. Cette initiative s\u2019inscrit dans le cadre des festivit\u00e9s marquant le 65\u1d49 anniversaire de l\u2019ind\u00e9pendance de la C\u00f4te d\u2019Ivoire.<\/p>\n<p>Port\u00e9e par le Minist\u00e8re de la Promotion de la Jeunesse, de l\u2019Insertion Professionnelle et du Service Civique, \u00e0 travers sa Direction du Civisme et de l\u2019Engagement Citoyen, cette semaine vise \u00e0 renforcer les fondements de la nation \u00e0 travers la promotion des valeurs civiques et citoyennes, la culture de la paix et la consolidation de la coh\u00e9sion sociale.<\/p>\n<p>\u00c0 Bouak\u00e9 et dans d\u2019autres localit\u00e9s du pays comme Abidjan, Daloa et Korhogo, diverses activit\u00e9s seront organis\u00e9es pour mobiliser les populations. Il s\u2019agira notamment d\u2019une marche aux flambeaux, d\u2019op\u00e9rations de salubrit\u00e9, de campagnes de sensibilisation \u00e0 la s\u00e9curit\u00e9 routi\u00e8re, mais aussi d\u2019actions citoyennes men\u00e9es directement dans les foyers.<\/p>\n<p>Cette 15\u1d49 \u00e9dition entend susciter une participation active de toutes les couches sociales autour d\u2019initiatives de proximit\u00e9. Elle s\u2019adresse \u00e0 l\u2019ensemble des citoyens, avec une attention particuli\u00e8re port\u00e9e \u00e0 l\u2019engagement des jeunes, des forces de d\u00e9fense et de s\u00e9curit\u00e9, des autorit\u00e9s administratives, politiques, religieuses et coutumi\u00e8res.<\/p>\n<p>Le succ\u00e8s de cette semaine d\u00e9di\u00e9e au civisme d\u00e9pend de la mobilisation collective. Tous les acteurs sont donc invit\u00e9s \u00e0 s\u2019impliquer pour faire de cet \u00e9v\u00e9nement un v\u00e9ritable levier de renforcement de l\u2019unit\u00e9 nationale et du vivre-ensemble.<\/p>\n<p><strong> Mamadou Ouattara avec L.Abdul<\/strong><\/p>\n","protected":false},"excerpt":{"rendered":"<p>Voici ce qui est pr\u00e9vu pour la 15\u1d49 \u00e9dition de la Semaine nationale du civisme dans la r\u00e9gion du Gb\u00eak\u00ea. La r\u00e9gion du Gb\u00eak\u00ea se pr\u00e9pare \u00e0 vivre, du 1er au 6 ao\u00fbt 2025, la 15\u1d49 \u00e9dition de la Semaine nationale du civisme, plac\u00e9e sous le th\u00e8me : \u00ab Agissons ensemble pour pr\u00e9server la paix [&hellip;]<\/p>\n","protected":false},"author":4,"featured_media":39441,"comment_status":"closed","ping_status":"closed","sticky":false,"template":"","format":"standard","meta":{"_monsterinsights_skip_tracking":false,"_monsterinsights_sitenote_active":false,"_monsterinsights_sitenote_note":"","_monsterinsights_sitenote_category":0,"footnotes":""},"categories":[2,3],"tags":[5818,338,3885],"class_list":["post-39440","post","type-post","status-publish","format-standard","has-post-thumbnail","hentry","category-featured","category-societe","tag-15e-edition","tag-gbeke","tag-semaine-nationale-du-civisme"],"_links":{"self":[{"href":"https:\/\/www.lintelligentdabidjan.info\/news\/wp-json\/wp\/v2\/posts\/39440","targetHints":{"allow":["GET"]}}],"collection":[{"href":"https:\/\/www.lintelligentdabidjan.info\/news\/wp-json\/wp\/v2\/posts"}],"about":[{"href":"https:\/\/www.lintelligentdabidjan.info\/news\/wp-json\/wp\/v2\/types\/post"}],"author":[{"embeddable":true,"href":"https:\/\/www.lintelligentdabidjan.info\/news\/wp-json\/wp\/v2\/users\/4"}],"replies":[{"embeddable":true,"href":"https:\/\/www.lintelligentdabidjan.info\/news\/wp-json\/wp\/v2\/comments?post=39440"}],"version-history":[{"count":1,"href":"https:\/\/www.lintelligentdabidjan.info\/news\/wp-json\/wp\/v2\/posts\/39440\/revisions"}],"predecessor-version":[{"id":39442,"href":"https:\/\/www.lintelligentdabidjan.info\/news\/wp-json\/wp\/v2\/posts\/39440\/revisions\/39442"}],"wp:featuredmedia":[{"embeddable":true,"href":"https:\/\/www.lintelligentdabidjan.info\/news\/wp-json\/wp\/v2\/media\/39441"}],"wp:attachment":[{"href":"https:\/\/www.lintelligentdabidjan.info\/news\/wp-json\/wp\/v2\/media?parent=39440"}],"wp:term":[{"taxonomy":"category","embeddable":true,"href":"https:\/\/www.lintelligentdabidjan.info\/news\/wp-json\/wp\/v2\/categories?post=39440"},{"taxonomy":"post_tag","embeddable":true,"href":"https:\/\/www.lintelligentdabidjan.info\/news\/wp-json\/wp\/v2\/tags?post=39440"}],"curies":[{"name":"wp","href":"https:\/\/api.w.org\/{rel}","templated":true}]}}