{"id":39471,"date":"2025-08-01T07:47:27","date_gmt":"2025-08-01T05:47:27","guid":{"rendered":"https:\/\/www.lintelligentdabidjan.info\/news\/?p=39471"},"modified":"2025-08-01T07:47:34","modified_gmt":"2025-08-01T05:47:34","slug":"bouake-lutte-contre-la-traite-des-personnes-une-cinquantaine-de-femmes-de-long-ouka-demin-sensibilisees","status":"publish","type":"post","link":"https:\/\/www.lintelligentdabidjan.info\/news\/bouake-lutte-contre-la-traite-des-personnes-une-cinquantaine-de-femmes-de-long-ouka-demin-sensibilisees\/","title":{"rendered":"Bouak\u00e9-Lutte contre la traite des personnes- Une  cinquantaine de femmes de l\u2019ONG Ouka-D\u00eamin sensibilis\u00e9es"},"content":{"rendered":"<p><em><strong>\u00c0 l\u2019occasion de la Journ\u00e9e mondiale de la lutte contre la traite des \u00eatres humains, c\u00e9l\u00e9br\u00e9e chaque 30 juillet, la Direction r\u00e9gionale de la Coh\u00e9sion sociale et de la Lutte contre la pauvret\u00e9, \u00e0 travers sa cellule r\u00e9gionale de lutte contre la traite des personnes (CRLTP), a organis\u00e9 le mercredi 30 juillet 2025 une session de sensibilisation \u00e0 l\u2019endroit de l\u2019ONG Ouka-D\u00eamin. L\u2019activit\u00e9 s\u2019est tenue au si\u00e8ge de l&#8217;ONG sis au quartier commerce et a r\u00e9uni une cinquantaine de femmes membres de l\u2019organisation.<\/strong><\/em><\/p>\n<p>Plac\u00e9e sous le th\u00e8me \u00ab La traite des \u00eatres humains est un crime organis\u00e9 \u2013 Mettons fin \u00e0 l\u2019exploitation \u00bb, cette rencontre avait pour objectif d\u2019informer les participantes sur les diff\u00e9rents aspects de ce fl\u00e9au qui touche chaque ann\u00e9e des milliers de victimes, y compris en C\u00f4te d\u2019Ivoire. Au cours de la session, une vid\u00e9o explicative a permis de pr\u00e9senter les \u00e9l\u00e9ments constitutifs de la traite des personnes. Y\u00e9o n\u00e9e Ouffouet Marie Sainte, responsable de la cellule r\u00e9gionale, a expliqu\u00e9 que \u00ab la traite des personnes consiste \u00e0 recruter, transporter, transf\u00e9rer, h\u00e9berger ou accueillir une personne en utilisant des moyens tels que la menace, la force, l\u2019enl\u00e8vement ou la tromperie, dans le but de l\u2019exploiter \u00bb. Elle a \u00e9galement pr\u00e9cis\u00e9 les diff\u00e9rentes formes que peut prendre ce ph\u00e9nom\u00e8ne : exploitation sexuelle, travail forc\u00e9, escroquerie financi\u00e8re, mendicit\u00e9, servitude domestique, mariage forc\u00e9, adoption ill\u00e9gale, et trafic d\u2019organes.<\/p>\n<p><strong>Une l\u00e9gislation stricte, mais des cas persistants<\/strong><\/p>\n<p>Malgr\u00e9 la loi N\u00b02016-1111 du 8 d\u00e9cembre 2016 qui punit la traite des personnes de peines allant de 5 \u00e0 20 ans d\u2019emprisonnement, pouvant aller jusqu\u2019\u00e0 la perp\u00e9tuit\u00e9 dans certains cas, ainsi que d\u2019amendes comprises entre 10 et 50 millions de francs CFA, les cas demeurent fr\u00e9quents. Selon le rapport bilan 2024 du Comit\u00e9 national de lutte contre la traite des personnes, 1 166 victimes ont \u00e9t\u00e9 recens\u00e9es \u00e0 travers le pays. Bouak\u00e9, selon Mme Y\u00e9o, n\u2019\u00e9chappe pas \u00e0 cette r\u00e9alit\u00e9. \u00ab Nous recevons r\u00e9guli\u00e8rement des cas. La semaine derni\u00e8re encore, un dossier nous a \u00e9t\u00e9 signal\u00e9 \u00bb, a-t-elle confi\u00e9.<\/p>\n<p><strong>Appel \u00e0 l&#8217;engagement communautaire<\/strong><\/p>\n<p>Face \u00e0 cette situation, l\u2019intervenante a exhort\u00e9 les femmes \u00e0 devenir des ambassadrices de la lutte dans leurs communaut\u00e9s respectives :<\/p>\n<p>\u00ab Nous encourageons les femmes \u00e0 signaler les cas sans crainte. Il faut se rendre d\u2019abord \u00e0 la police, puis au centre social o\u00f9 une \u00e9coute est assur\u00e9e. Le minist\u00e8re de la Solidarit\u00e9 et le Secr\u00e9tariat technique vous accompagneront tout au long du processus. L\u2019\u00c9tat a tout mis en place pour assurer la protection des victimes \u00bb, a-t-elle rassur\u00e9.<\/p>\n<p><strong>L\u2019ONG Ouka-D\u00eamin s\u2019engage  dans la sensibilisation<\/strong><\/p>\n<p>\u00c0 la fin de cette activit\u00e9, Mme Sangar\u00e9 Astou, responsable de l\u2019ONG Ouka-D\u00eamin, a salu\u00e9 cette initiative gouvernementale :<\/p>\n<p>\u00ab Nous avons \u00e9t\u00e9 suffisamment \u00e9clair\u00e9es sur ce ph\u00e9nom\u00e8ne. Avant, nous n\u2019avions pas pleinement conscience de son ampleur, mais gr\u00e2ce \u00e0 cette rencontre, nous sommes d\u00e9sormais mieux inform\u00e9es \u00bb.<\/p>\n<p>Elle a \u00e9galement annonc\u00e9 que son ONG s\u2019engageait d\u00e9sormais \u00e0 relayer cette sensibilisation aupr\u00e8s de la population :<\/p>\n<p>\u00ab L\u2019ONG Ouka-D\u00eamin se positionne comme ambassadrice de cette lutte. Nous allons continuer \u00e0 sensibiliser sur les formes de maltraitance et encourager le signalement des cas pour le bien de la soci\u00e9t\u00e9 \u00bb, a-t-elle conclu.<\/p>\n<p><strong>Nambac\u00e9r\u00e9 Jo\u00ebl <\/strong><\/p>\n","protected":false},"excerpt":{"rendered":"<p>\u00c0 l\u2019occasion de la Journ\u00e9e mondiale de la lutte contre la traite des \u00eatres humains, c\u00e9l\u00e9br\u00e9e chaque 30 juillet, la Direction r\u00e9gionale de la Coh\u00e9sion sociale et de la Lutte contre la pauvret\u00e9, \u00e0 travers sa cellule r\u00e9gionale de lutte contre la traite des personnes (CRLTP), a organis\u00e9 le mercredi 30 juillet 2025 une session [&hellip;]<\/p>\n","protected":false},"author":4,"featured_media":39472,"comment_status":"closed","ping_status":"closed","sticky":false,"template":"","format":"standard","meta":{"_monsterinsights_skip_tracking":false,"_monsterinsights_sitenote_active":false,"_monsterinsights_sitenote_note":"","_monsterinsights_sitenote_category":0,"footnotes":""},"categories":[2,3],"tags":[125,548,5840,2658,1792,4082,5839],"class_list":["post-39471","post","type-post","status-publish","format-standard","has-post-thumbnail","hentry","category-featured","category-societe","tag-bouake","tag-femmes","tag-long-ouka-demin","tag-lutte","tag-personnes","tag-sensibilisees","tag-traite"],"_links":{"self":[{"href":"https:\/\/www.lintelligentdabidjan.info\/news\/wp-json\/wp\/v2\/posts\/39471","targetHints":{"allow":["GET"]}}],"collection":[{"href":"https:\/\/www.lintelligentdabidjan.info\/news\/wp-json\/wp\/v2\/posts"}],"about":[{"href":"https:\/\/www.lintelligentdabidjan.info\/news\/wp-json\/wp\/v2\/types\/post"}],"author":[{"embeddable":true,"href":"https:\/\/www.lintelligentdabidjan.info\/news\/wp-json\/wp\/v2\/users\/4"}],"replies":[{"embeddable":true,"href":"https:\/\/www.lintelligentdabidjan.info\/news\/wp-json\/wp\/v2\/comments?post=39471"}],"version-history":[{"count":1,"href":"https:\/\/www.lintelligentdabidjan.info\/news\/wp-json\/wp\/v2\/posts\/39471\/revisions"}],"predecessor-version":[{"id":39473,"href":"https:\/\/www.lintelligentdabidjan.info\/news\/wp-json\/wp\/v2\/posts\/39471\/revisions\/39473"}],"wp:featuredmedia":[{"embeddable":true,"href":"https:\/\/www.lintelligentdabidjan.info\/news\/wp-json\/wp\/v2\/media\/39472"}],"wp:attachment":[{"href":"https:\/\/www.lintelligentdabidjan.info\/news\/wp-json\/wp\/v2\/media?parent=39471"}],"wp:term":[{"taxonomy":"category","embeddable":true,"href":"https:\/\/www.lintelligentdabidjan.info\/news\/wp-json\/wp\/v2\/categories?post=39471"},{"taxonomy":"post_tag","embeddable":true,"href":"https:\/\/www.lintelligentdabidjan.info\/news\/wp-json\/wp\/v2\/tags?post=39471"}],"curies":[{"name":"wp","href":"https:\/\/api.w.org\/{rel}","templated":true}]}}