{"id":39477,"date":"2025-08-01T07:55:30","date_gmt":"2025-08-01T05:55:30","guid":{"rendered":"https:\/\/www.lintelligentdabidjan.info\/news\/?p=39477"},"modified":"2025-08-01T07:55:40","modified_gmt":"2025-08-01T05:55:40","slug":"gonate-et-bediala-les-populations-appelees-a-preserver-la-cohesion-sociale-face-aux-rumeurs-et-fausses-informations","status":"publish","type":"post","link":"https:\/\/www.lintelligentdabidjan.info\/news\/gonate-et-bediala-les-populations-appelees-a-preserver-la-cohesion-sociale-face-aux-rumeurs-et-fausses-informations\/","title":{"rendered":"Gonat\u00e9 et B\u00e9diala : Les populations appel\u00e9es \u00e0 pr\u00e9server la coh\u00e9sion sociale face aux rumeurs et fausses informations"},"content":{"rendered":"<p><em><strong>Dans le cadre de la promotion de la paix et du vivre-ensemble, les localit\u00e9s de Gonat\u00e9 et de B\u00e9diala ont accueilli, respectivement les 24 et 25 juillet derniers,  un atelier citoyen plac\u00e9 sous le th\u00e8me : \u00ab Quelle collaboration communautaire pour une coh\u00e9sion sociale s\u00e9curis\u00e9e ? \u00bb.<\/strong><\/em><\/p>\n<p>Ces rencontres, organis\u00e9es par la Fondation Friedrich Ebert (FES) en partenariat avec la Commission S\u00e9curit\u00e9 et D\u00e9fense de l\u2019Assembl\u00e9e nationale, ont rassembl\u00e9 un large \u00e9ventail d\u2019acteurs locaux : autorit\u00e9s administratives, forces de d\u00e9fense et de s\u00e9curit\u00e9, chefs traditionnels, leaders communautaires, jeunes, femmes et repr\u00e9sentants de la soci\u00e9t\u00e9 civile.<\/p>\n<p>\u00c0 cette occasion,  l\u2019honorable Tomin Alexis, d\u00e9put\u00e9 de la Nation et vice-pr\u00e9sident de la Commission S\u00e9curit\u00e9 et D\u00e9fense de l\u2019Assembl\u00e9e nationale , a alert\u00e9 les populations sur les dangers des fausses informations et des rumeurs qui, selon lui, sont de plus en plus r\u00e9pandues et portent atteinte \u00e0 la paix sociale.<\/p>\n<p>\u00ab Ce que nous souhaitons que les parents retiennent, c\u2019est qu\u2019en cette p\u00e9riode o\u00f9 les fake news circulent abondamment, il est essentiel de dialoguer, d\u2019\u00e9changer, et surtout de pr\u00e9venir ces ragots qui peuvent diviser les communaut\u00e9s et attiser les tensions, notamment chez les jeunes. La paix est un tr\u00e9sor qu\u2019il nous faut pr\u00e9server co\u00fbte que co\u00fbte \u00bb, a-t-il d\u00e9clar\u00e9.<\/p>\n<p>Le programme Dialogue Politique \u2013 Soci\u00e9t\u00e9 \u2013 S\u00e9curit\u00e9, mis en \u0153uvre par la Fondation en partenariat avec l\u2019Assembl\u00e9e nationale, vise \u00e0 renforcer les liens entre institutions, citoyens et forces de s\u00e9curit\u00e9 autour d\u2019une vision partag\u00e9e de la paix sociale.<\/p>\n<p>Utilisant la m\u00e9thode participative du World Caf\u00e9, les \u00e9changes ont permis d\u2019identifier les sources de tensions sociales dans les deux localit\u00e9s, de valoriser les bonnes pratiques en mati\u00e8re de coexistence pacifique, et d\u2019\u00e9laborer des recommandations concr\u00e8tes.<\/p>\n<p>Pour Karamoko Diakit\u00e9, conseiller politique \u00e0 la FES, cette d\u00e9marche s\u2019inscrit dans une logique de pacification durable des espaces sociaux et politiques.<\/p>\n<p>\u00ab La promotion de la d\u00e9mocratie passe par la paix. C\u2019est pourquoi nous mettons en \u0153uvre des actions de sensibilisation, de formation et d\u2019accompagnement dans plusieurs r\u00e9gions. Le dialogue que nous avons instaur\u00e9 ici, \u00e0 Gonat\u00e9 et \u00e0 B\u00e9diala, est essentiel pour b\u00e2tir une soci\u00e9t\u00e9 plus apais\u00e9e. \u00bb<\/p>\n<p>Plusieurs recommandations ont \u00e9t\u00e9 formul\u00e9es au cours de ces travaux. Parmi elles figurent la cr\u00e9ation de plateformes locales de m\u00e9diation, le renforcement de la police de proximit\u00e9, une implication accrue des femmes et des jeunes dans les processus de paix, ainsi que la valorisation des m\u00e9canismes traditionnels de r\u00e8glement des conflits. \u00bb<\/p>\n<p>Ces ateliers s\u2019inscrivent dans une tourn\u00e9e nationale initi\u00e9e depuis plusieurs mois par la Fondation Friedrich Ebert et la Commission S\u00e9curit\u00e9 et D\u00e9fense, avec pour ambition de faire \u00e9merger un dialogue constructif entre les diff\u00e9rentes composantes de la soci\u00e9t\u00e9 ivoirienne.<\/p>\n<p><strong>Beker Yao<\/strong><\/p>\n","protected":false},"excerpt":{"rendered":"<p>Dans le cadre de la promotion de la paix et du vivre-ensemble, les localit\u00e9s de Gonat\u00e9 et de B\u00e9diala ont accueilli, respectivement les 24 et 25 juillet derniers, un atelier citoyen plac\u00e9 sous le th\u00e8me : \u00ab Quelle collaboration communautaire pour une coh\u00e9sion sociale s\u00e9curis\u00e9e ? \u00bb. Ces rencontres, organis\u00e9es par la Fondation Friedrich Ebert [&hellip;]<\/p>\n","protected":false},"author":4,"featured_media":39478,"comment_status":"closed","ping_status":"closed","sticky":false,"template":"","format":"standard","meta":{"_monsterinsights_skip_tracking":false,"_monsterinsights_sitenote_active":false,"_monsterinsights_sitenote_note":"","_monsterinsights_sitenote_category":0,"footnotes":""},"categories":[2,3],"tags":[704,1840,5844,4267,4186,1512,5843],"class_list":["post-39477","post","type-post","status-publish","format-standard","has-post-thumbnail","hentry","category-featured","category-societe","tag-bediala","tag-cohesion-sociale","tag-fausses","tag-gonate","tag-informations","tag-populations","tag-rumeurs"],"_links":{"self":[{"href":"https:\/\/www.lintelligentdabidjan.info\/news\/wp-json\/wp\/v2\/posts\/39477","targetHints":{"allow":["GET"]}}],"collection":[{"href":"https:\/\/www.lintelligentdabidjan.info\/news\/wp-json\/wp\/v2\/posts"}],"about":[{"href":"https:\/\/www.lintelligentdabidjan.info\/news\/wp-json\/wp\/v2\/types\/post"}],"author":[{"embeddable":true,"href":"https:\/\/www.lintelligentdabidjan.info\/news\/wp-json\/wp\/v2\/users\/4"}],"replies":[{"embeddable":true,"href":"https:\/\/www.lintelligentdabidjan.info\/news\/wp-json\/wp\/v2\/comments?post=39477"}],"version-history":[{"count":1,"href":"https:\/\/www.lintelligentdabidjan.info\/news\/wp-json\/wp\/v2\/posts\/39477\/revisions"}],"predecessor-version":[{"id":39479,"href":"https:\/\/www.lintelligentdabidjan.info\/news\/wp-json\/wp\/v2\/posts\/39477\/revisions\/39479"}],"wp:featuredmedia":[{"embeddable":true,"href":"https:\/\/www.lintelligentdabidjan.info\/news\/wp-json\/wp\/v2\/media\/39478"}],"wp:attachment":[{"href":"https:\/\/www.lintelligentdabidjan.info\/news\/wp-json\/wp\/v2\/media?parent=39477"}],"wp:term":[{"taxonomy":"category","embeddable":true,"href":"https:\/\/www.lintelligentdabidjan.info\/news\/wp-json\/wp\/v2\/categories?post=39477"},{"taxonomy":"post_tag","embeddable":true,"href":"https:\/\/www.lintelligentdabidjan.info\/news\/wp-json\/wp\/v2\/tags?post=39477"}],"curies":[{"name":"wp","href":"https:\/\/api.w.org\/{rel}","templated":true}]}}