{"id":39480,"date":"2025-08-01T07:59:34","date_gmt":"2025-08-01T05:59:34","guid":{"rendered":"https:\/\/www.lintelligentdabidjan.info\/news\/?p=39480"},"modified":"2025-08-01T07:59:45","modified_gmt":"2025-08-01T05:59:45","slug":"dapeoua-une-ecole-primaire-moderne-livree-par-une-societe-miniere","status":"publish","type":"post","link":"https:\/\/www.lintelligentdabidjan.info\/news\/dapeoua-une-ecole-primaire-moderne-livree-par-une-societe-miniere\/","title":{"rendered":"Dap\u00e9oua : Une \u00e9cole primaire moderne livr\u00e9e par une soci\u00e9t\u00e9 mini\u00e8re"},"content":{"rendered":"<p><em><strong>Le jeudi  25 juillet 2025, la soci\u00e9t\u00e9 mini\u00e8re Mine Ivoire a officiellement livr\u00e9 une \u00e9cole primaire flambant neuve \u00e0 la population de Dap\u00e9oua, chef-lieu de commune situ\u00e9 dans le d\u00e9partement de Soubr\u00e9, r\u00e9gion du Bas-Sassandra.<\/strong><\/em><\/p>\n<p>Ce projet, d\u2019un co\u00fbt global de pr\u00e8s de 70 millions de FCFA, s\u2019inscrit dans le cadre du protocole d\u2019accord sign\u00e9 en 2021 entre l\u2019entreprise et la communaut\u00e9 villageoise.<\/p>\n<p>Il s\u2019int\u00e8gre \u00e0 la politique de responsabilit\u00e9 soci\u00e9tale de  cette soci\u00e9t\u00e9 , qui fait de l\u2019humain et du d\u00e9veloppement communautaire un pilier central de ses activit\u00e9s.<\/p>\n<p>\u00ab  Ce moment d\u00e9passe le simple acte symbolique. Il traduit notre volont\u00e9 profonde de contribuer au progr\u00e8s social, en investissant dans l\u2019\u00e9ducation, socle de toute transformation durable \u00bb, a d\u00e9clar\u00e9 Moussa Ke\u00efta, le Directeur g\u00e9n\u00e9ral de la soci\u00e9t\u00e9.<\/p>\n<p>L\u2019\u00e9cole livr\u00e9e est compos\u00e9e de deux b\u00e2timents principaux abritant sept salles de classe et un bureau administratif, ainsi qu\u2019un bloc de sanitaires modernes.<\/p>\n<p>D\u2019une capacit\u00e9 d\u2019accueil d\u2019environ 250 \u00e9l\u00e8ves, elle vient d\u00e9sengorger les \u00e9coles existantes tout en offrant un environnement propice \u00e0 l\u2019apprentissage.<\/p>\n<p>\u00ab Cette infrastructure n\u2019est pas qu\u2019un b\u00e2timent. Elle est le reflet de notre engagement envers l\u2019enfance et le d\u00e9veloppement durable. Nous croyons que cette \u00e9cole changera Dap\u00e9oua, car c\u2019est ici que seront form\u00e9s les futurs cadres de notre pays \u00bb , a insist\u00e9 Moussa Ke\u00efta.<\/p>\n<p>Le Directeur g\u00e9n\u00e9ral a \u00e9galement annonc\u00e9 la poursuite d\u2019autres projets pr\u00e9vus dans le protocole d\u2019accord :<\/p>\n<p>\u00ab En parall\u00e8le de cette remise de cl\u00e9s, les travaux de la maternit\u00e9, des forages et de la voirie avancent. Avec nos partenaires, nous voulons d\u00e9montrer qu\u2019une exploitation mini\u00e8re semi-industrielle peut se faire dans le respect de l\u2019homme, des lois et du d\u00e9veloppement local. \u00bb<\/p>\n<p>Pr\u00e9sidant la c\u00e9r\u00e9monie, le pr\u00e9fet de Buyo,  Kouam\u00e9 Bouaki, a salu\u00e9 un partenariat exemplaire entre la structure mini\u00e8re et la population locale :<\/p>\n<p> \u00ab Cet acte, bien qu\u2019issu d\u2019un protocole d\u2019accord, va bien au-del\u00e0 d\u2019une obligation contractuelle. Il t\u00e9moigne d\u2019une v\u00e9ritable volont\u00e9 de transformation sociale. Cette \u00e9cole moderne s\u2019inscrit dans la politique \u00e9ducative du gouvernement. Elle contribuera \u00e0 r\u00e9duire les doubles vacations, am\u00e9liorer les r\u00e9sultats scolaires et motiver les enseignants. \u00bb<\/p>\n<p>Le pr\u00e9fet a \u00e9galement exhort\u00e9 les populations \u00e0 entretenir cette infrastructure et \u00e0 favoriser un climat de paix avec les op\u00e9rateurs miniers.<\/p>\n<p>Il a mis en garde contre les effets n\u00e9fastes de l\u2019orpaillage clandestin :<\/p>\n<p>\u00ab L\u2019orpaillage ill\u00e9gal entrave l\u2019exploitation semi-industrielle et d\u00e9truit nos acquis. Il est urgent que les populations s\u2019inscrivent dans la l\u00e9galit\u00e9 pour tirer profit de leurs ressources dans le respect des r\u00e8gles. \u00bb<\/p>\n<p>Le directeur r\u00e9gional des Mines, M. Kouadio Kouassi Parfait, a pour sa part rappel\u00e9 le r\u00f4le strat\u00e9gique que doit jouer le secteur minier dans le d\u00e9veloppement local :<\/p>\n<p>\u00ab L\u2019infrastructure que nous recevons aujourd\u2019hui incarne l\u2019esprit de la r\u00e9glementation mini\u00e8re : faire de l\u2019activit\u00e9 extractive un levier de progr\u00e8s. Elle r\u00e9pond \u00e0 un besoin fondamental : offrir \u00e0 nos enfants un cadre d\u2019apprentissage digne et motivant.\u00bb<\/p>\n<p>Il a \u00e9galement salu\u00e9 la collaboration exemplaire entre la soci\u00e9t\u00e9 mini\u00e8re, les autorit\u00e9s et la communaut\u00e9.<\/p>\n<p>Au nom des habitants, le pr\u00e9sident de la mutuelle de d\u00e9veloppement de Dap\u00e9oua,  Koffi Zagbahi Pierre Claver, a exprim\u00e9 sa gratitude :<\/p>\n<p>\u00ab Merci pour cette \u00e9cole, pour les routes, pour les forages, pour la maternit\u00e9 en construction, mais aussi pour votre soutien lors des obs\u00e8ques de notre chef. Vous \u00eates all\u00e9s au-del\u00e0 de vos obligations. Nous renouvelons notre confiance \u00e0 Mine Ivoire et souhaitons voir l\u2019exploitation mini\u00e8re se poursuivre avec l\u2019emploi de nos jeunes. \u00bb, a-t-il souhait\u00e9.<\/p>\n<p>cette structure mini\u00e8re se distingue par une approche proactive du d\u00e9veloppement communautaire.<\/p>\n<p>En plus de cette \u00e9cole, l\u2019entreprise, implant\u00e9e \u00e0 Soubr\u00e9, Daoukro et Yakass\u00e9-Attobrou<\/p>\n<p>a d\u00e9j\u00e0 r\u00e9alis\u00e9 : des maternit\u00e9s, l\u2019ouverture de routes et de pistes rurales, des forages d\u2019eau potable, des dons et aides financi\u00e8res aux populations locales,<\/p>\n<p>des indemnisations \u00e0 hauteur de 200 millions FCFA pour les terres impact\u00e9es.<\/p>\n<p><strong>Beker Yao<\/strong><\/p>\n","protected":false},"excerpt":{"rendered":"<p>Le jeudi 25 juillet 2025, la soci\u00e9t\u00e9 mini\u00e8re Mine Ivoire a officiellement livr\u00e9 une \u00e9cole primaire flambant neuve \u00e0 la population de Dap\u00e9oua, chef-lieu de commune situ\u00e9 dans le d\u00e9partement de Soubr\u00e9, r\u00e9gion du Bas-Sassandra. Ce projet, d\u2019un co\u00fbt global de pr\u00e8s de 70 millions de FCFA, s\u2019inscrit dans le cadre du protocole d\u2019accord sign\u00e9 [&hellip;]<\/p>\n","protected":false},"author":4,"featured_media":39481,"comment_status":"closed","ping_status":"closed","sticky":false,"template":"","format":"standard","meta":{"_monsterinsights_skip_tracking":false,"_monsterinsights_sitenote_active":false,"_monsterinsights_sitenote_note":"","_monsterinsights_sitenote_category":0,"footnotes":""},"categories":[2,3],"tags":[],"class_list":["post-39480","post","type-post","status-publish","format-standard","has-post-thumbnail","hentry","category-featured","category-societe"],"_links":{"self":[{"href":"https:\/\/www.lintelligentdabidjan.info\/news\/wp-json\/wp\/v2\/posts\/39480","targetHints":{"allow":["GET"]}}],"collection":[{"href":"https:\/\/www.lintelligentdabidjan.info\/news\/wp-json\/wp\/v2\/posts"}],"about":[{"href":"https:\/\/www.lintelligentdabidjan.info\/news\/wp-json\/wp\/v2\/types\/post"}],"author":[{"embeddable":true,"href":"https:\/\/www.lintelligentdabidjan.info\/news\/wp-json\/wp\/v2\/users\/4"}],"replies":[{"embeddable":true,"href":"https:\/\/www.lintelligentdabidjan.info\/news\/wp-json\/wp\/v2\/comments?post=39480"}],"version-history":[{"count":1,"href":"https:\/\/www.lintelligentdabidjan.info\/news\/wp-json\/wp\/v2\/posts\/39480\/revisions"}],"predecessor-version":[{"id":39482,"href":"https:\/\/www.lintelligentdabidjan.info\/news\/wp-json\/wp\/v2\/posts\/39480\/revisions\/39482"}],"wp:featuredmedia":[{"embeddable":true,"href":"https:\/\/www.lintelligentdabidjan.info\/news\/wp-json\/wp\/v2\/media\/39481"}],"wp:attachment":[{"href":"https:\/\/www.lintelligentdabidjan.info\/news\/wp-json\/wp\/v2\/media?parent=39480"}],"wp:term":[{"taxonomy":"category","embeddable":true,"href":"https:\/\/www.lintelligentdabidjan.info\/news\/wp-json\/wp\/v2\/categories?post=39480"},{"taxonomy":"post_tag","embeddable":true,"href":"https:\/\/www.lintelligentdabidjan.info\/news\/wp-json\/wp\/v2\/tags?post=39480"}],"curies":[{"name":"wp","href":"https:\/\/api.w.org\/{rel}","templated":true}]}}