{"id":3949,"date":"2017-05-03T11:19:38","date_gmt":"2017-05-03T09:19:38","guid":{"rendered":"http:\/\/www.lintelligentdabidjan.info\/news\/?p=3949"},"modified":"2017-05-03T11:19:38","modified_gmt":"2017-05-03T09:19:38","slug":"developpement-et-promotion-de-lartisanat-souleymane-diarrassouba-en-algerie-en-attendant-le-zimbabwe","status":"publish","type":"post","link":"https:\/\/www.lintelligentdabidjan.info\/news\/developpement-et-promotion-de-lartisanat-souleymane-diarrassouba-en-algerie-en-attendant-le-zimbabwe\/","title":{"rendered":"D\u00e9veloppement et promotion de l&#8217;Artisanat : Souleymane Diarrassouba en Alg\u00e9rie en attendant le Zimbabw\u00e9"},"content":{"rendered":"<p>La session ordinaire du comit\u00e9 technique sp\u00e9cialis\u00e9 sur le d\u00e9veloppement social, le Travail et l\u2019emploi de la commission de l\u2019UA s\u2019est tenue du 24 au 28 avril 2017, \u00e0 Alger, en pr\u00e9sence du ministre ivoirien du Commerce, de l\u2019Artisanat et de la Promotion des PME, Souleymane Diarrassouba, par ailleurs pr\u00e9sident du Comit\u00e9 de Coordination pour le D\u00e9veloppement et la Promotion de l&#8217;Artisanat africain (CODEPA).<!--more--><\/p>\n<p>\u00c0 cette occasion, il a d\u00e9montr\u00e9 la place de l\u2019artisanat dans l\u2019\u00e9conomie africaine. Pour lui, l\u2019artisanat\u00a0 est l\u2019un des secteurs pourvoyeurs d\u2019emplois et participe \u00e0 la croissance \u00e9conomique de nombreux pays africains.\u00a0 Vu l\u2019importance de ce secteur, le ministre Souleymane Diarrassouba a, au nom du Comit\u00e9 de Coordination pour le D\u00e9veloppement et la Promotion de l&#8217;Artisanat africain (CODEPA), sollicit\u00e9 l\u2019aide de la commission de l\u2019Union Africaine. Pour lui, il revient aux d\u00e9cideurs du CODEPA de mettre en symbiose les potentialit\u00e9s qu\u2019offre l\u2019Artisanat africain afin de le promouvoir avec plus de coh\u00e9rence. Les principales actions \u00e0 mener pour soutenir les artisans sont entre autres, l\u2019Appui \u00e0 la qualification professionnelle des artisans afin d\u2019am\u00e9liorer leurs capacit\u00e9s cr\u00e9atives en rapport avec la demande et \u00e0 l\u2019auto-organisation du secteur pour la mutualisation des efforts et\u00a0 la d\u00e9finition d\u2019une politique claire de s\u00e9curit\u00e9 et de protection sociale adapt\u00e9e. Cela permettra, selon lui,\u00a0 d\u2019am\u00e9liorer les conditions de vies des artisans africains et d\u2019\u00e9largir l\u2019assiette fiscale avec leur migration du secteur informel vers le secteur formel afin de permettre \u00e0 nos \u00c9tats de disposer de ressources endog\u00e8nes suffisantes. Le ministre ivoirien a,\u00a0 pour finir,\u00a0 invit\u00e9 l\u2019assembl\u00e9e \u00e0 la 9\u00e8me conf\u00e9rence des ministres en charge de l\u2019Artisanat de l\u2019espace CODEPA du 21 au 23 Juin 2017, \u00e0 Bulawayo, au Zimbabwe.<\/p>\n<p>&nbsp;<\/p>\n<p>OD avec AS (Sercom)<\/p>\n","protected":false},"excerpt":{"rendered":"<p>La session ordinaire du comit\u00e9 technique sp\u00e9cialis\u00e9 sur le d\u00e9veloppement social, le Travail et l\u2019emploi de la commission de l\u2019UA s\u2019est tenue du 24 au 28 avril 2017, \u00e0 Alger, en pr\u00e9sence du ministre ivoirien du Commerce, de l\u2019Artisanat et de la Promotion des PME, Souleymane Diarrassouba, par ailleurs pr\u00e9sident du Comit\u00e9 de Coordination pour [&hellip;]<\/p>\n","protected":false},"author":2,"featured_media":3950,"comment_status":"closed","ping_status":"closed","sticky":false,"template":"","format":"standard","meta":{"_monsterinsights_skip_tracking":false,"_monsterinsights_sitenote_active":false,"_monsterinsights_sitenote_note":"","_monsterinsights_sitenote_category":0,"footnotes":""},"categories":[2,18],"tags":[],"class_list":["post-3949","post","type-post","status-publish","format-standard","has-post-thumbnail","hentry","category-featured","category-economie"],"_links":{"self":[{"href":"https:\/\/www.lintelligentdabidjan.info\/news\/wp-json\/wp\/v2\/posts\/3949","targetHints":{"allow":["GET"]}}],"collection":[{"href":"https:\/\/www.lintelligentdabidjan.info\/news\/wp-json\/wp\/v2\/posts"}],"about":[{"href":"https:\/\/www.lintelligentdabidjan.info\/news\/wp-json\/wp\/v2\/types\/post"}],"author":[{"embeddable":true,"href":"https:\/\/www.lintelligentdabidjan.info\/news\/wp-json\/wp\/v2\/users\/2"}],"replies":[{"embeddable":true,"href":"https:\/\/www.lintelligentdabidjan.info\/news\/wp-json\/wp\/v2\/comments?post=3949"}],"version-history":[{"count":1,"href":"https:\/\/www.lintelligentdabidjan.info\/news\/wp-json\/wp\/v2\/posts\/3949\/revisions"}],"predecessor-version":[{"id":3951,"href":"https:\/\/www.lintelligentdabidjan.info\/news\/wp-json\/wp\/v2\/posts\/3949\/revisions\/3951"}],"wp:featuredmedia":[{"embeddable":true,"href":"https:\/\/www.lintelligentdabidjan.info\/news\/wp-json\/wp\/v2\/media\/3950"}],"wp:attachment":[{"href":"https:\/\/www.lintelligentdabidjan.info\/news\/wp-json\/wp\/v2\/media?parent=3949"}],"wp:term":[{"taxonomy":"category","embeddable":true,"href":"https:\/\/www.lintelligentdabidjan.info\/news\/wp-json\/wp\/v2\/categories?post=3949"},{"taxonomy":"post_tag","embeddable":true,"href":"https:\/\/www.lintelligentdabidjan.info\/news\/wp-json\/wp\/v2\/tags?post=3949"}],"curies":[{"name":"wp","href":"https:\/\/api.w.org\/{rel}","templated":true}]}}