{"id":39505,"date":"2025-08-04T05:44:46","date_gmt":"2025-08-04T03:44:46","guid":{"rendered":"https:\/\/www.lintelligentdabidjan.info\/news\/?p=39505"},"modified":"2025-08-04T06:10:03","modified_gmt":"2025-08-04T04:10:03","slug":"foire-nationale-de-lemploi-et-du-recrutement-des-perspectives-concretes-pour-les-jeunes-de-yamoussoukro","status":"publish","type":"post","link":"https:\/\/www.lintelligentdabidjan.info\/news\/foire-nationale-de-lemploi-et-du-recrutement-des-perspectives-concretes-pour-les-jeunes-de-yamoussoukro\/","title":{"rendered":"Foire Nationale de l\u2019Emploi et du Recrutement: Des perspectives concr\u00e8tes pour les jeunes de Yamoussoukro"},"content":{"rendered":"<p><strong>\u00c0 l\u2019instar des communes du Grand Abidjan et de certaines capitales r\u00e9gionales du pays, la Foire nationale de l\u2019Emploi et du Recrutement (FNER), qui s\u2019est tenue du 31 juillet au 2 ao\u00fbt 2025, a suscit\u00e9 un grand engouement chez les jeunes du District de Yamoussoukro. Plus de 1 200 jeunes compos\u00e9s pour la plupart d\u2019\u00e9tudiants, de d\u00e9scolaris\u00e9s et de sans-emploi ont visit\u00e9, durant ces trois jours, les locaux de l\u2019Agence Emploi Jeunes de Yamoussoukro. <\/strong><\/p>\n<p>Interrog\u00e9e, Guiro Fatim, \u00e9tudiante en G\u00e9nie civil et Travaux publics, \u00e2g\u00e9e de 20 ans, a d\u00e9clar\u00e9 \u00eatre venue pour postuler \u00e0 un stage d\u2019immersion dont elle avait entendu parler gr\u00e2ce \u00e0 ses amis. Elle a pr\u00e9cis\u00e9 qu\u2019elle avait appris l\u2019existence de cette foire de l\u2019emploi et du recrutement par le biais de publications diffus\u00e9es dans les groupes WhatsApp d\u2019\u00e9tudiants de diff\u00e9rentes \u00e9coles. Elle a indiqu\u00e9 que tout s\u2019\u00e9tait bien pass\u00e9, dans une bonne ambiance et avec de la discipline. D\u00e8s leur arriv\u00e9e, les participants ont \u00e9t\u00e9 install\u00e9s sous les b\u00e2ches pour l\u2019enregistrement des noms, puis ils ont suivi des formations sur la r\u00e9daction de CV, de lettres de motivation, ainsi qu\u2019une initiation \u00e0 l\u2019entrepreneuriat. Elle a ajout\u00e9 : &#8220;M\u00eame si la dur\u00e9e \u00e9tait courte, ces formations ont \u00e9t\u00e9 tr\u00e8s enrichissantes. Elles nous ont donn\u00e9 de la motivation, des connaissances concr\u00e8tes sur le monde de l\u2019entreprise et sur comment bien r\u00e9diger une lettre de motivation. \u00c0 l\u2019avenir, avec les comp\u00e9tences acquises ici, je compte aller postuler dans des entreprises. Je suis confiante, car je me sens mieux pr\u00e9par\u00e9e \u00e0 r\u00e9diger un bon CV et une bonne lettre de motivation.&#8221;<\/p>\n<p>Pour sa part, Sangar\u00e9 Souleymane (\u00e9tudiant en Mines, G\u00e9ologie et P\u00e9trole \u2013 ESBTP Yamoussoukro) a expliqu\u00e9 qu\u2019il \u00e9tait venu principalement pour le permis de conduire, car dans le domaine du g\u00e9nie civil, celui-ci \u00e9tait tr\u00e8s important. Il a pr\u00e9cis\u00e9 que cela ouvrait beaucoup d\u2019opportunit\u00e9s sur le terrain. En plus du permis, il a particip\u00e9 aussi \u00e0 d\u2019autres activit\u00e9s de la foire : les formations en BTP, en logistique et transport, et l\u2019immersion professionnelle. Il a indiqu\u00e9 que, dans son domaine, la formation en BTP \u00e9tait essentielle. Il a \u00e9galement pris part \u00e0 des entretiens et tout s\u2019est bien pass\u00e9, notamment pour l\u2019activit\u00e9 du permis de conduire. Selon lui, l\u2019\u00e9quipe a \u00e9t\u00e9 accueillante et bien organis\u00e9e. Il a affirm\u00e9 : \u00ab Je pense que ce genre d\u2019\u00e9v\u00e9nement est une belle opportunit\u00e9 pour nous, les jeunes. Cela nous permet de mieux comprendre les exigences du march\u00e9 de l\u2019emploi. L\u2019employabilit\u00e9 des jeunes \u00e9tant une priorit\u00e9 nationale, ce genre de foire est tr\u00e8s utile. \u00bb<\/p>\n<p>En ce qui le concerne, Kouassi Aya Marie Gemima (\u00e9tudiante en RHCOM) a indiqu\u00e9 qu\u2019\u00e0 22 ans, elle \u00e9tait venue pour d\u00e9poser son dossier en vue de l\u2019obtention du permis de conduire, ce document \u00e9tant souvent exig\u00e9 dans certaines offres d\u2019emploi. Elle a estim\u00e9 qu\u2019il \u00e9tait donc important de le poss\u00e9der pour augmenter ses chances. Elle a pr\u00e9cis\u00e9 qu\u2019elle avait \u00e9galement eu la chance de participer \u00e0 un stage d\u2019immersion apr\u00e8s avoir d\u00e9pos\u00e9 son dossier. D\u00e8s son arriv\u00e9e, elle a \u00e9t\u00e9 bien accueillie et on lui a expliqu\u00e9 les diff\u00e9rentes offres disponibles \u00e0 cette foire. Elle a rappel\u00e9 qu\u2019elle \u00e9tait d\u00e9j\u00e0 venue la veille (jeudi 31 juillet) pour rep\u00e9rer les lieux, et qu\u2019elle avait vu qu\u2019il y avait aussi des formations et des d\u00e9p\u00f4ts de dossiers pour les permis. Comme l\u2019offre \u00e9tait gratuite \u00e0 cet endroit, contrairement \u00e0 d\u2019autres o\u00f9 cela co\u00fbtait plus cher, elle a saisi l\u2019opportunit\u00e9. Elle a pr\u00e9cis\u00e9 : \u00ab J\u2019ai aussi manifest\u00e9 mon int\u00e9r\u00eat pour un poste de juriste polyvalente. On m\u2019a dit d\u2019attendre un retour. Je trouve que cette foire est une belle initiative, car elle offre de vraies opportunit\u00e9s aux jeunes et m\u00eame aux parents. \u00bb Elle a souhait\u00e9 que davantage de jeunes participent \u00e0 ce genre d\u2019\u00e9v\u00e9nements, qui offrent selon elle des conseils utiles, des explications claires sur les d\u00e9marches \u00e0 suivre, dans un cadre d\u2019accueil chaleureux.<\/p>\n<p>N\u2019Dri Amena Abiga\u00ebl (aide-soignante en recherche d\u2019emploi) a indiqu\u00e9, de son c\u00f4t\u00e9, qu\u2019elle s\u2019\u00e9tait rendue \u00e0 la foire pour un recrutement d\u2019aide-soignante. Apr\u00e8s sa formation, elle avait travaill\u00e9 dans une clinique \u00e0 Yamoussoukro, mais avait d\u00fb arr\u00eater un moment pour des raisons de sant\u00e9. Avant cela, elle avait effectu\u00e9 un stage de perfectionnement au Groupement 2 de la Garde R\u00e9publicaine, \u00e0 la suite duquel elle avait \u00e9t\u00e9 recrut\u00e9e dans ladite clinique. Elle a expliqu\u00e9 que, lorsque les agents de l\u2019Agence Emploi Jeunes \u00e9taient pass\u00e9s expliquer les opportunit\u00e9s, elle leur avait pr\u00e9sent\u00e9 sa situation. Ceux-ci l\u2019avaient invit\u00e9e \u00e0 d\u00e9poser son dossier, ce qu\u2019elle a fait. Elle a pr\u00e9cis\u00e9 que l\u2019accueil avait \u00e9t\u00e9 bon, m\u00eame si la responsable n\u2019\u00e9tait pas pr\u00e9sente ce jour-l\u00e0. Elle a ajout\u00e9 qu\u2019elle avait \u00e9t\u00e9 bien re\u00e7ue et accompagn\u00e9e. Elle a mentionn\u00e9 avoir \u00e9t\u00e9 rappel\u00e9e r\u00e9cemment (le mercredi 30 juillet) en raison d\u2019un probl\u00e8me li\u00e9 \u00e0 son compte Tr\u00e9sor Money, ce qui expliquait sa pr\u00e9sence \u00e0 la foire. Elle a confi\u00e9 : \u00ab Mon dossier est en bonne voie. En tant qu\u2019aide-soignante, je peux t\u00e9moigner que nous souffrons : on est souvent sous-pay\u00e9s malgr\u00e9 la charge de travail. Parfois, on assure aussi les t\u00e2ches d\u2019un infirmier en son absence. J\u2019ai pass\u00e9 le concours cette ann\u00e9e, mais en attendant, je cherche du travail. Mon souhait est d\u2019\u00eatre recrut\u00e9 dans le public. Cette foire est vraiment une chance pour nous. \u00bb<\/p>\n<p>\u00c0 son tour Koffi Patrick, \u00e2g\u00e9 de 25 ans et titulaire d\u2019un BTS en Agriculture, a d\u00e9clar\u00e9 qu\u2019il \u00e9tait venu pour un entretien d\u2019embauche. Il a obtenu son BTS en agriculture en 2022. Apr\u00e8s plusieurs stages sans d\u00e9bouch\u00e9s, il a d\u00e9cid\u00e9 de se tourner vers l\u2019Agence Emploi Jeunes afin d\u2019\u00eatre int\u00e9gr\u00e9. En attendant son tour pour l\u2019entretien, il a particip\u00e9 \u00e0 des formations sur la r\u00e9daction de CV, de lettres de motivation, et sur l\u2019attitude \u00e0 adopter lors d\u2019un entretien. Il a confi\u00e9 : \u00ab Mon souhait est de pouvoir int\u00e9grer une entreprise dans le domaine agricole. Cette foire est une excellente initiative. Elle nous permet de mieux comprendre le monde du travail et de nous pr\u00e9parer efficacement. L\u2019\u00e9quipe est disponible, courtoise et tr\u00e8s professionnelle \u00bb<\/p>\n<p>Quant \u00e0 Singuin Fidel Didier (sans emploi) a expliqu\u00e9 qu\u2019il avait suivi une formation en peinture et qu\u2019il s\u2019\u00e9tait rendu \u00e0 la Foire de l\u2019Emploi pour chercher un financement en vue d\u2019ouvrir une quincaillerie ou de cr\u00e9er son entreprise. Il a dit avoir entendu parler du volet \u00ab financement de projets jeunes \u00bb, ce qui l\u2019avait motiv\u00e9 \u00e0 venir. Il a soumis un projet d\u2019un montant de 1,5 million FCFA. \u00c0 son arriv\u00e9e le matin m\u00eame \u00e0 l\u2019Agence Emploi Jeunes de Yamoussoukro, il a \u00e9t\u00e9 bien accueilli. On lui a expliqu\u00e9 tout le processus jusqu\u2019\u00e0 l\u2019obtention du financement. Il a affirm\u00e9 : \u00ab Je suis satisfait, car on m\u2019a rassur\u00e9 que mon projet serait bien \u00e9tudi\u00e9 et suivi. Ce n\u2019est pas ma premi\u00e8re fois ici. J\u2019avais d\u00e9j\u00e0 suivi une formation PEJEDEC en peinture \u00e0 l\u2019agence. Chaque fois que je viens, je repars satisfait. \u00bb Il a ajout\u00e9 que c\u2019\u00e9tait pour cela qu\u2019il participait \u00e0 toutes les formations et opportunit\u00e9s propos\u00e9es, car il savait qu\u2019elles \u00e9taient s\u00e9rieuses.<\/p>\n<p><strong>Harry Diallo depuis Yamoussoukro<\/strong><\/p>\n","protected":false},"excerpt":{"rendered":"<p>\u00c0 l\u2019instar des communes du Grand Abidjan et de certaines capitales r\u00e9gionales du pays, la Foire nationale de l\u2019Emploi et du Recrutement (FNER), qui s\u2019est tenue du 31 juillet au 2 ao\u00fbt 2025, a suscit\u00e9 un grand engouement chez les jeunes du District de Yamoussoukro. Plus de 1 200 jeunes compos\u00e9s pour la plupart d\u2019\u00e9tudiants, [&hellip;]<\/p>\n","protected":false},"author":4,"featured_media":39506,"comment_status":"closed","ping_status":"closed","sticky":false,"template":"","format":"standard","meta":{"_monsterinsights_skip_tracking":false,"_monsterinsights_sitenote_active":false,"_monsterinsights_sitenote_note":"","_monsterinsights_sitenote_category":0,"footnotes":""},"categories":[2,3],"tags":[5749,701,2954,1734,51],"class_list":["post-39505","post","type-post","status-publish","format-standard","has-post-thumbnail","hentry","category-featured","category-societe","tag-foire-nationale-de-lemploi","tag-jeunes","tag-perspectives","tag-recrutement","tag-yamoussoukro"],"_links":{"self":[{"href":"https:\/\/www.lintelligentdabidjan.info\/news\/wp-json\/wp\/v2\/posts\/39505","targetHints":{"allow":["GET"]}}],"collection":[{"href":"https:\/\/www.lintelligentdabidjan.info\/news\/wp-json\/wp\/v2\/posts"}],"about":[{"href":"https:\/\/www.lintelligentdabidjan.info\/news\/wp-json\/wp\/v2\/types\/post"}],"author":[{"embeddable":true,"href":"https:\/\/www.lintelligentdabidjan.info\/news\/wp-json\/wp\/v2\/users\/4"}],"replies":[{"embeddable":true,"href":"https:\/\/www.lintelligentdabidjan.info\/news\/wp-json\/wp\/v2\/comments?post=39505"}],"version-history":[{"count":2,"href":"https:\/\/www.lintelligentdabidjan.info\/news\/wp-json\/wp\/v2\/posts\/39505\/revisions"}],"predecessor-version":[{"id":39520,"href":"https:\/\/www.lintelligentdabidjan.info\/news\/wp-json\/wp\/v2\/posts\/39505\/revisions\/39520"}],"wp:featuredmedia":[{"embeddable":true,"href":"https:\/\/www.lintelligentdabidjan.info\/news\/wp-json\/wp\/v2\/media\/39506"}],"wp:attachment":[{"href":"https:\/\/www.lintelligentdabidjan.info\/news\/wp-json\/wp\/v2\/media?parent=39505"}],"wp:term":[{"taxonomy":"category","embeddable":true,"href":"https:\/\/www.lintelligentdabidjan.info\/news\/wp-json\/wp\/v2\/categories?post=39505"},{"taxonomy":"post_tag","embeddable":true,"href":"https:\/\/www.lintelligentdabidjan.info\/news\/wp-json\/wp\/v2\/tags?post=39505"}],"curies":[{"name":"wp","href":"https:\/\/api.w.org\/{rel}","templated":true}]}}