{"id":39516,"date":"2025-08-04T06:06:33","date_gmt":"2025-08-04T04:06:33","guid":{"rendered":"https:\/\/www.lintelligentdabidjan.info\/news\/?p=39516"},"modified":"2025-08-04T06:06:33","modified_gmt":"2025-08-04T04:06:33","slug":"lintelligent-en-pdf-violences-et-strategie-du-chaos-a-yopougon-general-vagondo-diomande-ministre-de-linterieur-et-de-la-securite-toutes-les-personnes-impliquees-repondront-de-leurs-actes","status":"publish","type":"post","link":"https:\/\/www.lintelligentdabidjan.info\/news\/lintelligent-en-pdf-violences-et-strategie-du-chaos-a-yopougon-general-vagondo-diomande-ministre-de-linterieur-et-de-la-securite-toutes-les-personnes-impliquees-repondront-de-leurs-actes\/","title":{"rendered":"L&#8217;Intelligent en PDF:   Violences et strat\u00e9gie du chaos \u00e0 Yopougon &#8211; G\u00e9n\u00e9ral Vagondo Diomand\u00e9, Ministre de l&#8217;Int\u00e9rieur et de la S\u00e9curit\u00e9 : &#8220;Toutes les personnes impliqu\u00e9es r\u00e9pondront de leurs actes&#8221;"},"content":{"rendered":"<p><strong>Invit\u00e9 du journal t\u00e9l\u00e9vis\u00e9 de 20h sur la RTI, le dimanche 3 ao\u00fbt 2025, le ministre de l\u2019Int\u00e9rieur et de la S\u00e9curit\u00e9, Vagondo Diomand\u00e9, s\u2019est exprim\u00e9 sur les actes de violence perp\u00e9tr\u00e9s \u00e0 Yopougon. Il a affirm\u00e9 que toutes les personnes impliqu\u00e9es r\u00e9pondront de leurs actes.<\/strong><\/p>\n<p>La d\u00e9claration du ministre Vagondo Diomand\u00e9 \u00e0 d\u00e9couvrir dans vos kiosques et en ligne sur&#8230;<\/p>\n<p><a href=\"https:\/\/news.abidjan.net\/titrologie\/39-lintelligent-dabidjan\/articles\" target=\"_blank\">https:\/\/news.abidjan.net\/titrologie\/39-lintelligent-dabidjan\/articles<\/a><\/p>\n<p>\u00c0 lire aussi 60 000 fid\u00e8les au stade d&#8217;Ebimp\u00e9 pour les 50 ans de l&#8217; \u00c9glise Protestante Baptiste \u0152uvres et Mission Internationale, Zadi Dj\u00e9dj\u00e9 met en garde contre les discours de division et les appels \u00e0 la violence, Bruno Kon\u00e9 met les maires de Man face \u00e0 leurs responsabilit\u00e9s au niveau des r\u00e9formes fonci\u00e8res , Nadine Bla pr\u00e9sente la sixi\u00e8me \u00e9dition du Forum Connect C\u00f4te d\u2019Ivoire, Aka Aou\u00e9l\u00e9 et Bouak\u00e9 Fofana appellent \u00e0 une prise de conscience nationale sur la propret\u00e9, l\u2019hygi\u00e8ne et l\u2019assainissement.<\/p>\n<p>Cliquez pour les d\u00e9tails<\/p>\n<p><a href=\"https:\/\/www.afrikipresse.fr\/abonnement\" target=\"_blank\">https:\/\/www.afrikipresse.fr\/abonnement<\/a><\/p>\n<p>\u00c0 voir \u00e9galement Bl\u00e9 Guirao pr\u00e9pare la victoire du Rhdp \u00e0 la pr\u00e9sidentielle 2025 et des usagers encourag\u00e9s \u00e0 un stage au niveau des Permis \u00e0 points.<\/p>\n<p><a href=\"https:\/\/www.pressecotedivoire.fr\/titrologie\" target=\"_blank\">https:\/\/www.pressecotedivoire.fr\/titrologie<\/a><\/p>\n","protected":false},"excerpt":{"rendered":"<p>Invit\u00e9 du journal t\u00e9l\u00e9vis\u00e9 de 20h sur la RTI, le dimanche 3 ao\u00fbt 2025, le ministre de l\u2019Int\u00e9rieur et de la S\u00e9curit\u00e9, Vagondo Diomand\u00e9, s\u2019est exprim\u00e9 sur les actes de violence perp\u00e9tr\u00e9s \u00e0 Yopougon. Il a affirm\u00e9 que toutes les personnes impliqu\u00e9es r\u00e9pondront de leurs actes. La d\u00e9claration du ministre Vagondo Diomand\u00e9 \u00e0 d\u00e9couvrir dans [&hellip;]<\/p>\n","protected":false},"author":4,"featured_media":39517,"comment_status":"closed","ping_status":"closed","sticky":false,"template":"","format":"standard","meta":{"_monsterinsights_skip_tracking":false,"_monsterinsights_sitenote_active":false,"_monsterinsights_sitenote_note":"","_monsterinsights_sitenote_category":0,"footnotes":""},"categories":[2,3],"tags":[],"class_list":["post-39516","post","type-post","status-publish","format-standard","has-post-thumbnail","hentry","category-featured","category-societe"],"_links":{"self":[{"href":"https:\/\/www.lintelligentdabidjan.info\/news\/wp-json\/wp\/v2\/posts\/39516","targetHints":{"allow":["GET"]}}],"collection":[{"href":"https:\/\/www.lintelligentdabidjan.info\/news\/wp-json\/wp\/v2\/posts"}],"about":[{"href":"https:\/\/www.lintelligentdabidjan.info\/news\/wp-json\/wp\/v2\/types\/post"}],"author":[{"embeddable":true,"href":"https:\/\/www.lintelligentdabidjan.info\/news\/wp-json\/wp\/v2\/users\/4"}],"replies":[{"embeddable":true,"href":"https:\/\/www.lintelligentdabidjan.info\/news\/wp-json\/wp\/v2\/comments?post=39516"}],"version-history":[{"count":1,"href":"https:\/\/www.lintelligentdabidjan.info\/news\/wp-json\/wp\/v2\/posts\/39516\/revisions"}],"predecessor-version":[{"id":39518,"href":"https:\/\/www.lintelligentdabidjan.info\/news\/wp-json\/wp\/v2\/posts\/39516\/revisions\/39518"}],"wp:featuredmedia":[{"embeddable":true,"href":"https:\/\/www.lintelligentdabidjan.info\/news\/wp-json\/wp\/v2\/media\/39517"}],"wp:attachment":[{"href":"https:\/\/www.lintelligentdabidjan.info\/news\/wp-json\/wp\/v2\/media?parent=39516"}],"wp:term":[{"taxonomy":"category","embeddable":true,"href":"https:\/\/www.lintelligentdabidjan.info\/news\/wp-json\/wp\/v2\/categories?post=39516"},{"taxonomy":"post_tag","embeddable":true,"href":"https:\/\/www.lintelligentdabidjan.info\/news\/wp-json\/wp\/v2\/tags?post=39516"}],"curies":[{"name":"wp","href":"https:\/\/api.w.org\/{rel}","templated":true}]}}