{"id":39527,"date":"2025-08-04T20:20:01","date_gmt":"2025-08-04T18:20:01","guid":{"rendered":"https:\/\/www.lintelligentdabidjan.info\/news\/?p=39527"},"modified":"2025-08-04T20:20:16","modified_gmt":"2025-08-04T18:20:16","slug":"fiscalite-la-direction-regionale-des-impots-abidjan-sud-2-honore-ses-agents","status":"publish","type":"post","link":"https:\/\/www.lintelligentdabidjan.info\/news\/fiscalite-la-direction-regionale-des-impots-abidjan-sud-2-honore-ses-agents\/","title":{"rendered":"Fiscalit\u00e9-  La Direction r\u00e9gionale des imp\u00f4ts  Abidjan-Sud 2 honore ses agents"},"content":{"rendered":"<p><em><strong>Selon une note d\u2019information, onze agents de la Direction R\u00e9gionale des Imp\u00f4ts (DGI), \u00e0 travers sa circonscription d\u2019Abidjan Sud 2, ont \u00e9t\u00e9 c\u00e9l\u00e9br\u00e9s le jeudi 24 juillet 2025 \u00e0 Marcory, au cours d\u2019une c\u00e9r\u00e9monie. Une initiative de la mutuelle de ladite direction, qui vise \u00e0 valoriser les efforts des hommes et des femmes contribuant au quotidien \u00e0 la performance de l\u2019administration fiscale.<\/strong><\/em><\/p>\n<p>Parmi les agents distingu\u00e9s figurent trois laur\u00e9ats des Prix d\u2019excellence 2024, r\u00e9compens\u00e9s pour leurs performances exceptionnelles et la qualit\u00e9 de leur service dans l\u2019administration fiscale. Quatre autres agents nouvellement promus ont \u00e9galement \u00e9t\u00e9 officiellement f\u00e9licit\u00e9s devant leurs coll\u00e8gues et partenaires. L\u2019autre moment fort de la c\u00e9r\u00e9monie a \u00e9t\u00e9 l\u2019hommage rendu \u00e0 quatre agents admis \u00e0 faire valoir leurs droits \u00e0 la retraite. Pour Jean Bedel, pr\u00e9sident de la mutuelle de la Direction R\u00e9gionale des Imp\u00f4ts Abidjan Sud 2, les distinctions obtenues sont le fruit de la d\u00e9termination, de la pers\u00e9v\u00e9rance et de l\u2019engagement sans faille des agents. \u00ab Ma fiert\u00e9 est d&#8217;autant plus motiv\u00e9e que notre mutuelle elle-m\u00eame a rafl\u00e9 quatre prix, dont deux nomin\u00e9s. Mon honneur, mon bonheur, c\u2019est \u00e9galement le fait qu\u2019en tant que pr\u00e9sident de la mutuelle, le service dont je fais partie a \u00e9t\u00e9 prim\u00e9. Peut-on \u00eatre plus combl\u00e9 que cela ? \u00bb, a-t-il d\u00e9clar\u00e9. Amadou Ciss\u00e9, Directeur r\u00e9gional d\u2019Abidjan Sud 2 a, pour sa part, invit\u00e9 ses collaborateurs \u00e0 maintenir le cap, convaincu que le travail finit toujours par porter ses fruits : \u00ab Quand on travaille, on ne peut pas rester dans l\u2019anonymat, on ne peut pas rester cach\u00e9. Il y a encore parmi nous, parmi vous, de nombreux futurs laur\u00e9ats. Continuons de travailler. Le travail paie toujours \u00bb, a-t-il lanc\u00e9 \u00e0 l\u2019endroit de ses subordonn\u00e9s. En valorisant ses ressources humaines, la direction r\u00e9gionale Abidjan-Sud 2 s\u2019inscrit dans une dynamique d\u2019excellence et de gestion participative, o\u00f9 chaque agent est per\u00e7u comme un maillon essentiel de la cha\u00eene de performance fiscale.<\/p>\n<p> <strong>Moustapha Isma\u00efla<\/strong><\/p>\n","protected":false},"excerpt":{"rendered":"<p>Selon une note d\u2019information, onze agents de la Direction R\u00e9gionale des Imp\u00f4ts (DGI), \u00e0 travers sa circonscription d\u2019Abidjan Sud 2, ont \u00e9t\u00e9 c\u00e9l\u00e9br\u00e9s le jeudi 24 juillet 2025 \u00e0 Marcory, au cours d\u2019une c\u00e9r\u00e9monie. Une initiative de la mutuelle de ladite direction, qui vise \u00e0 valoriser les efforts des hommes et des femmes contribuant au [&hellip;]<\/p>\n","protected":false},"author":4,"featured_media":39528,"comment_status":"closed","ping_status":"closed","sticky":false,"template":"","format":"standard","meta":{"_monsterinsights_skip_tracking":false,"_monsterinsights_sitenote_active":false,"_monsterinsights_sitenote_note":"","_monsterinsights_sitenote_category":0,"footnotes":""},"categories":[2,3],"tags":[5864,1229,5865,5866],"class_list":["post-39527","post","type-post","status-publish","format-standard","has-post-thumbnail","hentry","category-featured","category-societe","tag-abidjan-sud-2","tag-agents","tag-fiscalite","tag-la-direction-regionale-des-impots"],"_links":{"self":[{"href":"https:\/\/www.lintelligentdabidjan.info\/news\/wp-json\/wp\/v2\/posts\/39527","targetHints":{"allow":["GET"]}}],"collection":[{"href":"https:\/\/www.lintelligentdabidjan.info\/news\/wp-json\/wp\/v2\/posts"}],"about":[{"href":"https:\/\/www.lintelligentdabidjan.info\/news\/wp-json\/wp\/v2\/types\/post"}],"author":[{"embeddable":true,"href":"https:\/\/www.lintelligentdabidjan.info\/news\/wp-json\/wp\/v2\/users\/4"}],"replies":[{"embeddable":true,"href":"https:\/\/www.lintelligentdabidjan.info\/news\/wp-json\/wp\/v2\/comments?post=39527"}],"version-history":[{"count":1,"href":"https:\/\/www.lintelligentdabidjan.info\/news\/wp-json\/wp\/v2\/posts\/39527\/revisions"}],"predecessor-version":[{"id":39529,"href":"https:\/\/www.lintelligentdabidjan.info\/news\/wp-json\/wp\/v2\/posts\/39527\/revisions\/39529"}],"wp:featuredmedia":[{"embeddable":true,"href":"https:\/\/www.lintelligentdabidjan.info\/news\/wp-json\/wp\/v2\/media\/39528"}],"wp:attachment":[{"href":"https:\/\/www.lintelligentdabidjan.info\/news\/wp-json\/wp\/v2\/media?parent=39527"}],"wp:term":[{"taxonomy":"category","embeddable":true,"href":"https:\/\/www.lintelligentdabidjan.info\/news\/wp-json\/wp\/v2\/categories?post=39527"},{"taxonomy":"post_tag","embeddable":true,"href":"https:\/\/www.lintelligentdabidjan.info\/news\/wp-json\/wp\/v2\/tags?post=39527"}],"curies":[{"name":"wp","href":"https:\/\/api.w.org\/{rel}","templated":true}]}}