{"id":39533,"date":"2025-08-05T07:17:02","date_gmt":"2025-08-05T05:17:02","guid":{"rendered":"https:\/\/www.lintelligentdabidjan.info\/news\/?p=39533"},"modified":"2025-08-05T07:17:13","modified_gmt":"2025-08-05T05:17:13","slug":"fete-de-lindependance-a-bouake-paul-dakuyo-mobilise-le-village-trainou","status":"publish","type":"post","link":"https:\/\/www.lintelligentdabidjan.info\/news\/fete-de-lindependance-a-bouake-paul-dakuyo-mobilise-le-village-trainou\/","title":{"rendered":"F\u00eate de l\u2019ind\u00e9pendance \u00e0 Bouak\u00e9: Paul Dakuyo mobilise le village Trainou"},"content":{"rendered":"<p><strong>Dans le cadre des activit\u00e9s de vacances et en pr\u00e9lude \u00e0 la c\u00e9l\u00e9bration du 65e anniversaire de l\u2019ind\u00e9pendance de la C\u00f4te d\u2019Ivoire pr\u00e9vue \u00e0 Bouak\u00e9, les habitants du village de Trainou, situ\u00e9 dans la commune de Bouak\u00e9, ont proc\u00e9d\u00e9 le samedi 2 ao\u00fbt 2025 \u00e0 une vaste op\u00e9ration de salubrit\u00e9 .<\/strong><\/p>\n<p>Organis\u00e9e par la Mutuelle de D\u00e9veloppement de Trainou (MDT) et plac\u00e9e sous le parrainage du d\u00e9put\u00e9 et 2e adjoint au maire de Bouak\u00e9, Paul Dakuyo, cette initiative visait \u00e0 pr\u00e9parer le village \u00e0 l\u2019accueil des festivit\u00e9s tout en promouvant l\u2019engagement citoyen. Selon Pac\u00f4me Kouam\u00e9, pr\u00e9sident du comit\u00e9 d\u2019organisation, les activit\u00e9s de cette ann\u00e9e s\u2019inscrivent dans une dynamique particuli\u00e8re.<\/p>\n<p>\u00ab Apr\u00e8s 1964, c\u2019est la premi\u00e8re fois depuis plus de 60 ans que Bouak\u00e9 re\u00e7oit \u00e0 nouveau la f\u00eate nationale. Il \u00e9tait donc important que Trainou ne reste pas en marge. Nous avons int\u00e9gr\u00e9 des actions d\u2019assainissement, mais aussi des activit\u00e9s culturelles et sportives dans notre programme \u00bb, a-t-il pr\u00e9cis\u00e9.<\/p>\n<p>En marge de cette journ\u00e9e de salubrit\u00e9, plusieurs activit\u00e9s ont anim\u00e9 le village \u00e0 savoir un match de football amical opposant Trainou au village voisin de Kongodekro, suivi en soir\u00e9e d\u2019un concert anim\u00e9 par des artistes venus d\u2019Abidjan et de la r\u00e9gion. Ces moments festifs ont rassembl\u00e9 les populations dans une ambiance de fraternit\u00e9 et de fiert\u00e9 partag\u00e9e.<\/p>\n<p>Pr\u00e9sent \u00e0 cette c\u00e9l\u00e9bration, le parrain Paul Dakuyo s\u2019est f\u00e9licit\u00e9 de l\u2019implication des populations dans la dynamique nationale.<\/p>\n<p>\u00ab Je suis heureux de constater que vous accordez une place de choix \u00e0 cette f\u00eate de l\u2019ind\u00e9pendance \u00e0 Bouak\u00e9. Trainou a toujours \u00e9t\u00e9 un village engag\u00e9 aux c\u00f4t\u00e9s du pr\u00e9sident de la R\u00e9publique, Son Excellence Alassane Ouattara. Cette mobilisation prouve, une fois de plus, votre attachement \u00e0 sa vision de d\u00e9veloppement \u00bb, a-t-il d\u00e9clar\u00e9.<\/p>\n<p>Souhaitant soutenir concr\u00e8tement son village d\u2019origine, le d\u00e9put\u00e9 a entrepris la r\u00e9habilitation d\u2019une salle de classe dont le toit avait \u00e9t\u00e9 endommag\u00e9, et a financ\u00e9 le reprofilage des voies principales du village.<\/p>\n<p>La cheffe du village, Nanan N&#8217;goran Aya, a \u00e9galement pris part aux festivit\u00e9s, saluant l&#8217;engagement des autorit\u00e9s et des populations en faveur du rayonnement national de Bouak\u00e9.<\/p>\n<p>\u00ab Nous sommes fiers d\u2019accueillir la c\u00e9l\u00e9bration du 65e anniversaire de l\u2019ind\u00e9pendance avec le pr\u00e9sident de la R\u00e9publique. Je demande \u00e0 toutes les filles et fils de notre village et au-del\u00e0, de lui r\u00e9server un accueil chaleureux \u00bb, a-t-elle exhort\u00e9.<\/p>\n<p><strong>Nambac\u00e9r\u00e9 Jo\u00ebl avec le sercom <\/strong><\/p>\n","protected":false},"excerpt":{"rendered":"<p>Dans le cadre des activit\u00e9s de vacances et en pr\u00e9lude \u00e0 la c\u00e9l\u00e9bration du 65e anniversaire de l\u2019ind\u00e9pendance de la C\u00f4te d\u2019Ivoire pr\u00e9vue \u00e0 Bouak\u00e9, les habitants du village de Trainou, situ\u00e9 dans la commune de Bouak\u00e9, ont proc\u00e9d\u00e9 le samedi 2 ao\u00fbt 2025 \u00e0 une vaste op\u00e9ration de salubrit\u00e9 . Organis\u00e9e par la Mutuelle [&hellip;]<\/p>\n","protected":false},"author":4,"featured_media":39534,"comment_status":"closed","ping_status":"closed","sticky":false,"template":"","format":"standard","meta":{"_monsterinsights_skip_tracking":false,"_monsterinsights_sitenote_active":false,"_monsterinsights_sitenote_note":"","_monsterinsights_sitenote_category":0,"footnotes":""},"categories":[2,3],"tags":[125,5871,4195,4548,5872],"class_list":["post-39533","post","type-post","status-publish","format-standard","has-post-thumbnail","hentry","category-featured","category-societe","tag-bouake","tag-fete-de-lindependance","tag-mobilise","tag-paul-dakuyo","tag-village-trainou"],"_links":{"self":[{"href":"https:\/\/www.lintelligentdabidjan.info\/news\/wp-json\/wp\/v2\/posts\/39533","targetHints":{"allow":["GET"]}}],"collection":[{"href":"https:\/\/www.lintelligentdabidjan.info\/news\/wp-json\/wp\/v2\/posts"}],"about":[{"href":"https:\/\/www.lintelligentdabidjan.info\/news\/wp-json\/wp\/v2\/types\/post"}],"author":[{"embeddable":true,"href":"https:\/\/www.lintelligentdabidjan.info\/news\/wp-json\/wp\/v2\/users\/4"}],"replies":[{"embeddable":true,"href":"https:\/\/www.lintelligentdabidjan.info\/news\/wp-json\/wp\/v2\/comments?post=39533"}],"version-history":[{"count":1,"href":"https:\/\/www.lintelligentdabidjan.info\/news\/wp-json\/wp\/v2\/posts\/39533\/revisions"}],"predecessor-version":[{"id":39535,"href":"https:\/\/www.lintelligentdabidjan.info\/news\/wp-json\/wp\/v2\/posts\/39533\/revisions\/39535"}],"wp:featuredmedia":[{"embeddable":true,"href":"https:\/\/www.lintelligentdabidjan.info\/news\/wp-json\/wp\/v2\/media\/39534"}],"wp:attachment":[{"href":"https:\/\/www.lintelligentdabidjan.info\/news\/wp-json\/wp\/v2\/media?parent=39533"}],"wp:term":[{"taxonomy":"category","embeddable":true,"href":"https:\/\/www.lintelligentdabidjan.info\/news\/wp-json\/wp\/v2\/categories?post=39533"},{"taxonomy":"post_tag","embeddable":true,"href":"https:\/\/www.lintelligentdabidjan.info\/news\/wp-json\/wp\/v2\/tags?post=39533"}],"curies":[{"name":"wp","href":"https:\/\/api.w.org\/{rel}","templated":true}]}}