{"id":39536,"date":"2025-08-05T07:21:18","date_gmt":"2025-08-05T05:21:18","guid":{"rendered":"https:\/\/www.lintelligentdabidjan.info\/news\/?p=39536"},"modified":"2025-08-05T07:21:25","modified_gmt":"2025-08-05T05:21:25","slug":"fete-de-lindependance-2025-la-jeunesse-de-gbeke-appelee-a-lunite-et-a-la-mobilisation-patriotique","status":"publish","type":"post","link":"https:\/\/www.lintelligentdabidjan.info\/news\/fete-de-lindependance-2025-la-jeunesse-de-gbeke-appelee-a-lunite-et-a-la-mobilisation-patriotique\/","title":{"rendered":"F\u00eate de l\u2019Ind\u00e9pendance 2025  : La jeunesse de Gb\u00eak\u00ea appel\u00e9e \u00e0 l\u2019unit\u00e9 et \u00e0 la mobilisation patriotique"},"content":{"rendered":"<p><strong>Dans le cadre des festivit\u00e9s marquant le 65e anniversaire de l\u2019ind\u00e9pendance de la C\u00f4te d\u2019Ivoire, c\u00e9l\u00e9br\u00e9es cette ann\u00e9e \u00e0 Bouak\u00e9, le D\u00e9l\u00e9gu\u00e9 r\u00e9gional du Conseil national des jeunes de C\u00f4te d\u2019Ivoire (CNJCI) pour la r\u00e9gion du Gb\u00eak\u00ea, Inza Kifory Inza, a lanc\u00e9 un appel \u00e0 la jeunesse locale, le samedi 2 ao\u00fbt 2025, depuis l\u2019auberge des jeunes de Bouak\u00e9.<\/strong><\/p>\n<p>Par ailleurs pr\u00e9sident de la Commission jeunesse et service civique du Conseil r\u00e9gional de Gb\u00eak\u00ea, Inza Kifory a exhort\u00e9 les jeunes \u00e0 faire preuve de responsabilit\u00e9, de maturit\u00e9 et de civisme en cette p\u00e9riode hautement symbolique pour la Nation.<\/p>\n<p>\u00ab \u00c0 cette occasion historique, j\u2019invite solennellement toute la jeunesse de Gb\u00eak\u00ea \u00e0 se mobiliser massivement pour r\u00e9server un accueil chaleureux, digne et fraternel au Chef de l\u2019\u00c9tat. Sa pr\u00e9sence \u00e0 Bouak\u00e9 est un message fort de confiance, d\u2019unit\u00e9 et d\u2019espoir pour notre r\u00e9gion \u00bb, a-t-il d\u00e9clar\u00e9.<\/p>\n<p>S\u2019inscrivant dans un contexte \u00e9lectoral \u00e0 venir, son message a \u00e9galement port\u00e9 sur la n\u00e9cessit\u00e9 d\u2019une jeunesse engag\u00e9e en faveur de la paix et de la stabilit\u00e9 nationale.<\/p>\n<p> \u00ab Chers jeunes fr\u00e8res et s\u0153urs, dans cette ann\u00e9e \u00e9lectorale , soyons des b\u00e2tisseurs de paix, des ambassadeurs de la coh\u00e9sion sociale et des gardiens de l\u2019unit\u00e9 nationale. Pr\u00e9servons les acquis d\u00e9mocratiques et s\u00e9curitaires, et engageons-nous r\u00e9solument pour une C\u00f4te d\u2019Ivoire r\u00e9concili\u00e9e, stable et prosp\u00e8re \u00bb, a-t-il insist\u00e9, appelant \u00e0 une mobilisation civique responsable.<\/p>\n<p>Cl\u00f4turant sa d\u00e9claration dans un ton solennel, il a r\u00e9affirm\u00e9 sa foi en la jeunesse ivoirienne, pilier incontournable du d\u00e9veloppement durable du pays :<\/p>\n<p>\u00ab La responsabilit\u00e9 qui est la n\u00f4tre est immense, mais notre engagement et notre d\u00e9termination sont encore plus puissants. Vive la jeunesse de Gb\u00eak\u00ea, vive la paix, vive la C\u00f4te d\u2019Ivoire unie et indivisible ! \u00bb<\/p>\n<p>Ce message intervient \u00e0 quelques jours de l\u2019arriv\u00e9e attendue du pr\u00e9sident de la R\u00e9publique \u00e0 Bouak\u00e9 pour les c\u00e9l\u00e9brations nationales, dans une ambiance de ferveur patriotique qui mobilise l\u2019ensemble des couches sociales de la r\u00e9gion.<\/p>\n<p><strong>Nambac\u00e9r\u00e9 Jo\u00ebl <\/strong><\/p>\n","protected":false},"excerpt":{"rendered":"<p>Dans le cadre des festivit\u00e9s marquant le 65e anniversaire de l\u2019ind\u00e9pendance de la C\u00f4te d\u2019Ivoire, c\u00e9l\u00e9br\u00e9es cette ann\u00e9e \u00e0 Bouak\u00e9, le D\u00e9l\u00e9gu\u00e9 r\u00e9gional du Conseil national des jeunes de C\u00f4te d\u2019Ivoire (CNJCI) pour la r\u00e9gion du Gb\u00eak\u00ea, Inza Kifory Inza, a lanc\u00e9 un appel \u00e0 la jeunesse locale, le samedi 2 ao\u00fbt 2025, depuis l\u2019auberge [&hellip;]<\/p>\n","protected":false},"author":4,"featured_media":39537,"comment_status":"closed","ping_status":"closed","sticky":false,"template":"","format":"standard","meta":{"_monsterinsights_skip_tracking":false,"_monsterinsights_sitenote_active":false,"_monsterinsights_sitenote_note":"","_monsterinsights_sitenote_category":0,"footnotes":""},"categories":[2,3],"tags":[5873,5874,2425,5875],"class_list":["post-39536","post","type-post","status-publish","format-standard","has-post-thumbnail","hentry","category-featured","category-societe","tag-fete-de-lindependance-2025","tag-la-jeunesse-de-gbeke","tag-mobilisation","tag-patriotique"],"_links":{"self":[{"href":"https:\/\/www.lintelligentdabidjan.info\/news\/wp-json\/wp\/v2\/posts\/39536","targetHints":{"allow":["GET"]}}],"collection":[{"href":"https:\/\/www.lintelligentdabidjan.info\/news\/wp-json\/wp\/v2\/posts"}],"about":[{"href":"https:\/\/www.lintelligentdabidjan.info\/news\/wp-json\/wp\/v2\/types\/post"}],"author":[{"embeddable":true,"href":"https:\/\/www.lintelligentdabidjan.info\/news\/wp-json\/wp\/v2\/users\/4"}],"replies":[{"embeddable":true,"href":"https:\/\/www.lintelligentdabidjan.info\/news\/wp-json\/wp\/v2\/comments?post=39536"}],"version-history":[{"count":1,"href":"https:\/\/www.lintelligentdabidjan.info\/news\/wp-json\/wp\/v2\/posts\/39536\/revisions"}],"predecessor-version":[{"id":39538,"href":"https:\/\/www.lintelligentdabidjan.info\/news\/wp-json\/wp\/v2\/posts\/39536\/revisions\/39538"}],"wp:featuredmedia":[{"embeddable":true,"href":"https:\/\/www.lintelligentdabidjan.info\/news\/wp-json\/wp\/v2\/media\/39537"}],"wp:attachment":[{"href":"https:\/\/www.lintelligentdabidjan.info\/news\/wp-json\/wp\/v2\/media?parent=39536"}],"wp:term":[{"taxonomy":"category","embeddable":true,"href":"https:\/\/www.lintelligentdabidjan.info\/news\/wp-json\/wp\/v2\/categories?post=39536"},{"taxonomy":"post_tag","embeddable":true,"href":"https:\/\/www.lintelligentdabidjan.info\/news\/wp-json\/wp\/v2\/tags?post=39536"}],"curies":[{"name":"wp","href":"https:\/\/api.w.org\/{rel}","templated":true}]}}